{"id":5590,"date":"2019-11-28T21:47:37","date_gmt":"2019-11-29T00:47:37","guid":{"rendered":"http:\/\/filo.unt.edu.ar\/noticias\/?p=5590"},"modified":"2019-12-04T12:36:31","modified_gmt":"2019-12-04T15:36:31","slug":"__trashed","status":"publish","type":"post","link":"https:\/\/filo.unt.edu.ar\/noticias\/2019\/11\/28\/__trashed\/","title":{"rendered":"Muestra de C\u00e1tedras de Fon\u00e9tica Inglesa I, II y III"},"content":{"rendered":"<p>El lunes 25 y el mi\u00e9rcoles 27 estudiantes del Profesorado y Licenciatura en ingl\u00e9s mostraron lo trabajado en las materias Fon\u00e9tica Inglesa I, II y III.<\/p>\n<p>La muestra fue organizada por los Mg. Ricardo Palma, la Prof. Irma Sarverry Galo, la Prof. Marianela Zelaya y su ayudante estudiantil Srta. Ana Tapia.\u00a0<\/p>\n<p>Tambi\u00e9n participaron como expositores estudiantes de Fon\u00e9tica y Fonolog\u00eda inglesa I del I.E.S. Aguilares. Y entre los asistentes, adem\u00e1s de estudiantes, profesores y profesoras de ambas cedes de estudio, estuvieron alumnas y alumnos del profesorado en Ingl\u00e9s del I.E.S. Nuestra Se\u00f1ora de\u00a0 La Salette, de la ciudad de Termas del R\u00edo Hondo.<\/p>\n<p>&#8220;Los trabajos presentados fueron sobre el abordaje de la fon\u00e9tica fuera del aula, como an\u00e1lisis de discursos pol\u00edticas, videos tutoriales, Charlas TEDXs, y sugerencia de actividades en el aula con un fin inclusivo para alumnos sordos y no videntes&#8221; cont\u00f3 el Mg. Palma.\u00a0<\/p>\n<p>Las profesoras de Fon\u00e9tica III elaboraron un video, mientras que las de Fon\u00e9tica I y II presentaron actuaciones art\u00edsticas y acad\u00e9micas variadas.\u00a0<\/p>\n<p>Entre las actividades propuestas se puso en escena la obra de teatro Deadly Choices, escrita y dirigida por alumnos de la carrera.\u00a0<\/p>\n<p>&#8220;El balance de esta primera muestra fue altamente positivo y se espera realizar la misma todos los a\u00f1os&#8221;, concluy\u00f3 Palma.\u00a0<\/p>\n<p><a style=\"font-size: inherit\" href=\"https:\/\/www.facebook.com\/pg\/filount\/photos\/?tab=album&amp;album_id=1046616612340878\" target=\"_blank\" rel=\"noopener noreferrer\">VER FOTOS<\/a><\/p>\n\n","protected":false},"excerpt":{"rendered":"<p>El lunes 25 y el mi\u00e9rcoles 27 estudiantes del Profesorado y Licenciatura en ingl\u00e9s mostraron lo trabajado en las materias Fon\u00e9tica Inglesa I, II y III. La muestra fue organizada por los Mg. Ricardo Palma, la Prof. Irma Sarverry Galo, la Prof. Marianela Zelaya y su ayudante estudiantil Srta. Ana [&hellip;]<\/p>\n","protected":false},"author":3,"featured_media":5591,"comment_status":"closed","ping_status":"closed","sticky":false,"template":"","format":"standard","meta":{"footnotes":""},"categories":[8],"tags":[],"class_list":{"0":"post-5590","1":"post","2":"type-post","3":"status-publish","4":"format-standard","5":"has-post-thumbnail","6":"hentry","7":"category-eventos-academicos","9":"post-with-thumbnail","10":"post-with-thumbnail-large"},"_links":{"self":[{"href":"https:\/\/filo.unt.edu.ar\/noticias\/wp-json\/wp\/v2\/posts\/5590","targetHints":{"allow":["GET"]}}],"collection":[{"href":"https:\/\/filo.unt.edu.ar\/noticias\/wp-json\/wp\/v2\/posts"}],"about":[{"href":"https:\/\/filo.unt.edu.ar\/noticias\/wp-json\/wp\/v2\/types\/post"}],"author":[{"embeddable":true,"href":"https:\/\/filo.unt.edu.ar\/noticias\/wp-json\/wp\/v2\/users\/3"}],"replies":[{"embeddable":true,"href":"https:\/\/filo.unt.edu.ar\/noticias\/wp-json\/wp\/v2\/comments?post=5590"}],"version-history":[{"count":4,"href":"https:\/\/filo.unt.edu.ar\/noticias\/wp-json\/wp\/v2\/posts\/5590\/revisions"}],"predecessor-version":[{"id":5630,"href":"https:\/\/filo.unt.edu.ar\/noticias\/wp-json\/wp\/v2\/posts\/5590\/revisions\/5630"}],"wp:featuredmedia":[{"embeddable":true,"href":"https:\/\/filo.unt.edu.ar\/noticias\/wp-json\/wp\/v2\/media\/5591"}],"wp:attachment":[{"href":"https:\/\/filo.unt.edu.ar\/noticias\/wp-json\/wp\/v2\/media?parent=5590"}],"wp:term":[{"taxonomy":"category","embeddable":true,"href":"https:\/\/filo.unt.edu.ar\/noticias\/wp-json\/wp\/v2\/categories?post=5590"},{"taxonomy":"post_tag","embeddable":true,"href":"https:\/\/filo.unt.edu.ar\/noticias\/wp-json\/wp\/v2\/tags?post=5590"}],"curies":[{"name":"wp","href":"https:\/\/api.w.org\/{rel}","templated":true}]}}