{"id":5581,"date":"2019-11-26T21:15:33","date_gmt":"2019-11-27T00:15:33","guid":{"rendered":"http:\/\/filo.unt.edu.ar\/noticias\/?p=5581"},"modified":"2019-12-04T00:13:17","modified_gmt":"2019-12-04T03:13:17","slug":"charla-programas-de-intercambio-estudiantil","status":"publish","type":"post","link":"https:\/\/filo.unt.edu.ar\/noticias\/2019\/11\/26\/charla-programas-de-intercambio-estudiantil\/","title":{"rendered":"Charla &#8220;Programas de intercambio estudiantil&#8221;"},"content":{"rendered":"<p>El lunes 25, las Coordinadoras de los programas de Movilidad Internacional, Micaela M\u00e9ndez Lobo y Mar\u00eda Laura Wayar, ofrecieron una charla a estudiantes de la Facultad sobre programas de intercambio estudiantil.<\/p>\n<p>Participaron tambi\u00e9n el Director General de Relaciones Internacionales, Dr. Ramiro Albarrac\u00edn; la lectora del DAAD, Lic. Clara Fenocchio y el asistente del DAAD, Julian Bitsch.<\/p>\n<p>En la charla se transmiti\u00f3 el concepto de la internacionalizaci\u00f3n de la educaci\u00f3n superior, la importancia de la postulaci\u00f3n a becas y de tener una experiencia de intercambio desde lo acad\u00e9mico y cultural. Se hizo hincapi\u00e9 en la fase de preparaci\u00f3n para poder cumplimentar los requisitos exigidos en los diferentes casos.<\/p>\n<p>Entre los programas mencionados se destacaron las becas ESCALA, ISAP, PILA, JIMA, Fulbright, DAAD, como as\u00ed tambi\u00e9n los convenios con universidades y las posibilidad de realizar postulaciones individuales.<\/p>\n<p>La actividad fue impulsada por la Coordinaci\u00f3n de Relaciones Internacionales de la Facultad, a cargo de la Mg. Solana Mizrahi.<\/p>\n<p><a href=\"https:\/\/www.facebook.com\/pg\/filount\/photos\/?tab=album&amp;album_id=1046612889007917\" target=\"_blank\" rel=\"noopener noreferrer\">VER FOTOS<\/a><\/p>\n","protected":false},"excerpt":{"rendered":"<p>El lunes 25, las Coordinadoras de los programas de Movilidad Internacional, Micaela M\u00e9ndez Lobo y Mar\u00eda Laura Wayar, ofrecieron una charla a estudiantes de la Facultad sobre programas de intercambio estudiantil. Participaron tambi\u00e9n el Director General de Relaciones Internacionales, Dr. Ramiro Albarrac\u00edn; la lectora del DAAD, Lic. Clara Fenocchio y [&hellip;]<\/p>\n","protected":false},"author":3,"featured_media":5582,"comment_status":"closed","ping_status":"closed","sticky":false,"template":"","format":"standard","meta":{"footnotes":""},"categories":[17],"tags":[],"class_list":{"0":"post-5581","1":"post","2":"type-post","3":"status-publish","4":"format-standard","5":"has-post-thumbnail","6":"hentry","7":"category-posgrado","9":"post-with-thumbnail","10":"post-with-thumbnail-large"},"_links":{"self":[{"href":"https:\/\/filo.unt.edu.ar\/noticias\/wp-json\/wp\/v2\/posts\/5581","targetHints":{"allow":["GET"]}}],"collection":[{"href":"https:\/\/filo.unt.edu.ar\/noticias\/wp-json\/wp\/v2\/posts"}],"about":[{"href":"https:\/\/filo.unt.edu.ar\/noticias\/wp-json\/wp\/v2\/types\/post"}],"author":[{"embeddable":true,"href":"https:\/\/filo.unt.edu.ar\/noticias\/wp-json\/wp\/v2\/users\/3"}],"replies":[{"embeddable":true,"href":"https:\/\/filo.unt.edu.ar\/noticias\/wp-json\/wp\/v2\/comments?post=5581"}],"version-history":[{"count":4,"href":"https:\/\/filo.unt.edu.ar\/noticias\/wp-json\/wp\/v2\/posts\/5581\/revisions"}],"predecessor-version":[{"id":5612,"href":"https:\/\/filo.unt.edu.ar\/noticias\/wp-json\/wp\/v2\/posts\/5581\/revisions\/5612"}],"wp:featuredmedia":[{"embeddable":true,"href":"https:\/\/filo.unt.edu.ar\/noticias\/wp-json\/wp\/v2\/media\/5582"}],"wp:attachment":[{"href":"https:\/\/filo.unt.edu.ar\/noticias\/wp-json\/wp\/v2\/media?parent=5581"}],"wp:term":[{"taxonomy":"category","embeddable":true,"href":"https:\/\/filo.unt.edu.ar\/noticias\/wp-json\/wp\/v2\/categories?post=5581"},{"taxonomy":"post_tag","embeddable":true,"href":"https:\/\/filo.unt.edu.ar\/noticias\/wp-json\/wp\/v2\/tags?post=5581"}],"curies":[{"name":"wp","href":"https:\/\/api.w.org\/{rel}","templated":true}]}}