{"id":5516,"date":"2019-11-15T21:33:32","date_gmt":"2019-11-16T00:33:32","guid":{"rendered":"http:\/\/filo.unt.edu.ar\/noticias\/?p=5516"},"modified":"2019-12-04T12:08:02","modified_gmt":"2019-12-04T15:08:02","slug":"filosofia-y-letras-certifica-el-espanol-lengua-y-uso","status":"publish","type":"post","link":"https:\/\/filo.unt.edu.ar\/noticias\/2019\/11\/15\/filosofia-y-letras-certifica-el-espanol-lengua-y-uso\/","title":{"rendered":"Filosof\u00eda y Letras Certifica el Espa\u00f1ol Lengua y Uso"},"content":{"rendered":"<p>El Jueves 14 de noviembre se tom\u00f3 el Examen internacional CELU que certifica el Espa\u00f1ol Lengua y Uso de extranjeros.<\/p>\n<p>Filosof\u00eda y Letras es una de las 59 universidades nacionales adheridas al Consorcio Espa\u00f1ol Lengua Segunda o Extranjera. Los evaluadores hacen un examen <em>on line<\/em> de estandarizaci\u00f3n para acordar criterios para el oral.<\/p>\n<p>Quienes rinden el examen son, en general, estudiantes que est\u00e1n haciendo posgrado o estudiantes de intercambio. Algunos se encuentran tomando los cursos de espa\u00f1ol que ofrece Lenguas para la comunidad de nuestra Facultad, pero tambi\u00e9n vienen a rendir de provincias vecinas.<\/p>\n<p><img loading=\"lazy\" decoding=\"async\" class=\"alignnone  wp-image-5624\" src=\"http:\/\/filo.unt.edu.ar\/noticias\/wp-content\/uploads\/sites\/74\/2019\/11\/IMG_8499-300x200.jpg\" alt=\"\" width=\"239\" height=\"159\" srcset=\"https:\/\/filo.unt.edu.ar\/noticias\/wp-content\/uploads\/sites\/74\/2019\/11\/IMG_8499-300x200.jpg 300w, https:\/\/filo.unt.edu.ar\/noticias\/wp-content\/uploads\/sites\/74\/2019\/11\/IMG_8499-768x512.jpg 768w, https:\/\/filo.unt.edu.ar\/noticias\/wp-content\/uploads\/sites\/74\/2019\/11\/IMG_8499-1620x1080.jpg 1620w, https:\/\/filo.unt.edu.ar\/noticias\/wp-content\/uploads\/sites\/74\/2019\/11\/IMG_8499-600x400.jpg 600w, https:\/\/filo.unt.edu.ar\/noticias\/wp-content\/uploads\/sites\/74\/2019\/11\/IMG_8499-272x182.jpg 272w\" sizes=\"auto, (max-width: 239px) 100vw, 239px\" \/>\u00a0 \u00a0 \u00a0<img loading=\"lazy\" decoding=\"async\" class=\"alignnone  wp-image-5625\" src=\"http:\/\/filo.unt.edu.ar\/noticias\/wp-content\/uploads\/sites\/74\/2019\/11\/IMG_8500-300x200.jpg\" alt=\"\" width=\"243\" height=\"162\" srcset=\"https:\/\/filo.unt.edu.ar\/noticias\/wp-content\/uploads\/sites\/74\/2019\/11\/IMG_8500-300x200.jpg 300w, https:\/\/filo.unt.edu.ar\/noticias\/wp-content\/uploads\/sites\/74\/2019\/11\/IMG_8500-768x512.jpg 768w, https:\/\/filo.unt.edu.ar\/noticias\/wp-content\/uploads\/sites\/74\/2019\/11\/IMG_8500-1620x1080.jpg 1620w, https:\/\/filo.unt.edu.ar\/noticias\/wp-content\/uploads\/sites\/74\/2019\/11\/IMG_8500-600x400.jpg 600w, https:\/\/filo.unt.edu.ar\/noticias\/wp-content\/uploads\/sites\/74\/2019\/11\/IMG_8500-272x182.jpg 272w\" sizes=\"auto, (max-width: 243px) 100vw, 243px\" \/><\/p>\n","protected":false},"excerpt":{"rendered":"<p>El Jueves 14 de noviembre se tom\u00f3 el Examen internacional CELU que certifica el Espa\u00f1ol Lengua y Uso de extranjeros. Filosof\u00eda y Letras es una de las 59 universidades nacionales adheridas al Consorcio Espa\u00f1ol Lengua Segunda o Extranjera. Los evaluadores hacen un examen on line de estandarizaci\u00f3n para acordar criterios [&hellip;]<\/p>\n","protected":false},"author":3,"featured_media":5626,"comment_status":"closed","ping_status":"closed","sticky":false,"template":"","format":"standard","meta":{"footnotes":""},"categories":[6],"tags":[],"class_list":{"0":"post-5516","1":"post","2":"type-post","3":"status-publish","4":"format-standard","5":"has-post-thumbnail","6":"hentry","7":"category-extension","9":"post-with-thumbnail","10":"post-with-thumbnail-large"},"_links":{"self":[{"href":"https:\/\/filo.unt.edu.ar\/noticias\/wp-json\/wp\/v2\/posts\/5516","targetHints":{"allow":["GET"]}}],"collection":[{"href":"https:\/\/filo.unt.edu.ar\/noticias\/wp-json\/wp\/v2\/posts"}],"about":[{"href":"https:\/\/filo.unt.edu.ar\/noticias\/wp-json\/wp\/v2\/types\/post"}],"author":[{"embeddable":true,"href":"https:\/\/filo.unt.edu.ar\/noticias\/wp-json\/wp\/v2\/users\/3"}],"replies":[{"embeddable":true,"href":"https:\/\/filo.unt.edu.ar\/noticias\/wp-json\/wp\/v2\/comments?post=5516"}],"version-history":[{"count":3,"href":"https:\/\/filo.unt.edu.ar\/noticias\/wp-json\/wp\/v2\/posts\/5516\/revisions"}],"predecessor-version":[{"id":5627,"href":"https:\/\/filo.unt.edu.ar\/noticias\/wp-json\/wp\/v2\/posts\/5516\/revisions\/5627"}],"wp:featuredmedia":[{"embeddable":true,"href":"https:\/\/filo.unt.edu.ar\/noticias\/wp-json\/wp\/v2\/media\/5626"}],"wp:attachment":[{"href":"https:\/\/filo.unt.edu.ar\/noticias\/wp-json\/wp\/v2\/media?parent=5516"}],"wp:term":[{"taxonomy":"category","embeddable":true,"href":"https:\/\/filo.unt.edu.ar\/noticias\/wp-json\/wp\/v2\/categories?post=5516"},{"taxonomy":"post_tag","embeddable":true,"href":"https:\/\/filo.unt.edu.ar\/noticias\/wp-json\/wp\/v2\/tags?post=5516"}],"curies":[{"name":"wp","href":"https:\/\/api.w.org\/{rel}","templated":true}]}}