{"id":5505,"date":"2019-11-13T12:31:27","date_gmt":"2019-11-13T15:31:27","guid":{"rendered":"http:\/\/filo.unt.edu.ar\/noticias\/?p=5505"},"modified":"2019-12-03T22:43:22","modified_gmt":"2019-12-04T01:43:22","slug":"mesa-panel-sobre-la-responasabilidad-empresarial-en-el-caso-del-ingenio-la-fronterita","status":"publish","type":"post","link":"https:\/\/filo.unt.edu.ar\/noticias\/2019\/11\/13\/mesa-panel-sobre-la-responasabilidad-empresarial-en-el-caso-del-ingenio-la-fronterita\/","title":{"rendered":"Mesa Panel sobre la responasabilidad empresarial en el caso del Ingenio &#8220;La Fronterita&#8221;"},"content":{"rendered":"<p>El martes 12, en el Anfiteatro 2, se llev\u00f3 a cabo la Mesa Panel: &#8220;Investigaci\u00f3n y judicializaci\u00f3n de la responsabilidad empresarial en la represi\u00f3n a los trabajadores\/as: de la causa \u201cFord\u201d al Ingenio \u201cLa Fronterita\u201d, organizada por el Instituto de Investigaciones Hist\u00f3ricas Dr. Ram\u00f3n Leoni Pintos -INIHLEP.<\/p>\n<p>El panel estuvo coordinado por la Dra. Silvia Nassif e integrado por las Dras. Victoria Basualdo y Ana Jemio y los Dres. Pablo Camu\u00f1a y Gabriel Pereira.<\/p>\n<p>Uno de los objetivos del evento fue poner en di\u00e1logo algunos avances recientes en la investigaci\u00f3n y judicializaci\u00f3n de casos de responsabilidad empresarial en la represi\u00f3n a trabajadores\/as durante la \u00faltima dictadura en Argentina (1976-1983), particularmente la causa \u201cFord\u201d, con la situaci\u00f3n actual de la investigaci\u00f3n y judicializaci\u00f3n de estos temas en Tucum\u00e1n y el NOA. Por otra parte, plante\u00f3 la necesidad de realizar una contextualizaci\u00f3n a escala internacional sobre el estado de estas tem\u00e1ticas, seguida de contribuciones y aportes sobre dimensiones importantes del proceso represivo ejercido contra trabajadores\/as en Tucum\u00e1n en los a\u00f1os &#8217;70, y el an\u00e1lisis de la evoluci\u00f3n de la causa del ingenio La Fronterita.<\/p>\n<p>La mesa panel se realiz\u00f3 en el marco del seminario del Doctorado de Ciencias Sociales, &#8220;Dictaduras, trabajadores\/as y sindicatos en el marco de la Guerra Fr\u00eda: debates y contribuciones al an\u00e1lisis regional, nacional y provincial&#8221; a cargo de las Dras. Victoria Basualdo y Silvia Nassif.<\/p>\n<p><a href=\"https:\/\/www.facebook.com\/filount\/posts\/1034461606889712?__tn__=-R\" target=\"_blank\" rel=\"noopener noreferrer\">VER FOTOS<\/a><\/p>\n\n","protected":false},"excerpt":{"rendered":"<p>El martes 12, en el Anfiteatro 2, se llev\u00f3 a cabo la Mesa Panel: &#8220;Investigaci\u00f3n y judicializaci\u00f3n de la responsabilidad empresarial en la represi\u00f3n a los trabajadores\/as: de la causa \u201cFord\u201d al Ingenio \u201cLa Fronterita\u201d, organizada por el Instituto de Investigaciones Hist\u00f3ricas Dr. Ram\u00f3n Leoni Pintos -INIHLEP. El panel estuvo [&hellip;]<\/p>\n","protected":false},"author":3,"featured_media":5506,"comment_status":"closed","ping_status":"closed","sticky":false,"template":"","format":"standard","meta":{"footnotes":""},"categories":[8],"tags":[],"class_list":{"0":"post-5505","1":"post","2":"type-post","3":"status-publish","4":"format-standard","5":"has-post-thumbnail","6":"hentry","7":"category-eventos-academicos","9":"post-with-thumbnail","10":"post-with-thumbnail-large"},"_links":{"self":[{"href":"https:\/\/filo.unt.edu.ar\/noticias\/wp-json\/wp\/v2\/posts\/5505","targetHints":{"allow":["GET"]}}],"collection":[{"href":"https:\/\/filo.unt.edu.ar\/noticias\/wp-json\/wp\/v2\/posts"}],"about":[{"href":"https:\/\/filo.unt.edu.ar\/noticias\/wp-json\/wp\/v2\/types\/post"}],"author":[{"embeddable":true,"href":"https:\/\/filo.unt.edu.ar\/noticias\/wp-json\/wp\/v2\/users\/3"}],"replies":[{"embeddable":true,"href":"https:\/\/filo.unt.edu.ar\/noticias\/wp-json\/wp\/v2\/comments?post=5505"}],"version-history":[{"count":4,"href":"https:\/\/filo.unt.edu.ar\/noticias\/wp-json\/wp\/v2\/posts\/5505\/revisions"}],"predecessor-version":[{"id":5604,"href":"https:\/\/filo.unt.edu.ar\/noticias\/wp-json\/wp\/v2\/posts\/5505\/revisions\/5604"}],"wp:featuredmedia":[{"embeddable":true,"href":"https:\/\/filo.unt.edu.ar\/noticias\/wp-json\/wp\/v2\/media\/5506"}],"wp:attachment":[{"href":"https:\/\/filo.unt.edu.ar\/noticias\/wp-json\/wp\/v2\/media?parent=5505"}],"wp:term":[{"taxonomy":"category","embeddable":true,"href":"https:\/\/filo.unt.edu.ar\/noticias\/wp-json\/wp\/v2\/categories?post=5505"},{"taxonomy":"post_tag","embeddable":true,"href":"https:\/\/filo.unt.edu.ar\/noticias\/wp-json\/wp\/v2\/tags?post=5505"}],"curies":[{"name":"wp","href":"https:\/\/api.w.org\/{rel}","templated":true}]}}