{"id":5501,"date":"2019-11-29T09:49:42","date_gmt":"2019-11-29T12:49:42","guid":{"rendered":"http:\/\/filo.unt.edu.ar\/noticias\/?p=5501"},"modified":"2019-12-04T00:15:29","modified_gmt":"2019-12-04T03:15:29","slug":"filosofia-y-letras-participo-del-segundo-plenario-2019-de-anfhe","status":"publish","type":"post","link":"https:\/\/filo.unt.edu.ar\/noticias\/2019\/11\/29\/filosofia-y-letras-participo-del-segundo-plenario-2019-de-anfhe\/","title":{"rendered":"Filosof\u00eda y Letras particip\u00f3 del segundo plenario 2019 de ANFHE"},"content":{"rendered":"<p>El mi\u00e9rcoles 27, la Decana de la Facultad, Dra. Mercedes Leal, particip\u00f3 del segundo plenario del a\u00f1o de la Asociaci\u00f3n Nacional de Facultades de Humanidades y Educaci\u00f3n -ANFHE-.que se realiz\u00f3 en la Facultad de Filosof\u00eda y Letras de la Universidad Nacional de Mendoza.<\/p>\n<p>Entre las tem\u00e1ticas trabajadas, se realiz\u00f3 un an\u00e1lisis del programa de autoevaluaci\u00f3n de las carreras de letras, en el que participa nuestra facultad en el marco de un consorcio conformado por las Universidades Nacionales de Catamarca, Nordeste y Salta. A partir de los resultados se coincidi\u00f3 en la necesidad de trabajar en un programa de mejoramiento de las carreras de grado y de extender la experiencia de la autoevaluaci\u00f3n a otras carreras.<\/p>\n<p>Tambi\u00e9n se trabaj\u00f3 sobre un informe acerca de las actividades que est\u00e1n realizando las distintas facultades en relaci\u00f3n con las problem\u00e1ticas de g\u00e9nero, diversidad y violencias. En ese marco se expusieron las acciones que viene realizando la Red Universitaria de G\u00e9nero \u2013 RUGE- (parte de una de las comisiones permanentes del CIN). Por su parte, la Dra. Graciela Morgade expuso sobre la Educaci\u00f3n Sexual Integral. En funci\u00f3n de esas dos exposiciones, se tom\u00f3 la decisi\u00f3n de elaborar, desde ANFHE, un programa para la capacitaci\u00f3n sobre cuestiones de educaci\u00f3n sexual integral y perspectiva de g\u00e9nero.<\/p>\n","protected":false},"excerpt":{"rendered":"<p>El mi\u00e9rcoles 27, la Decana de la Facultad, Dra. Mercedes Leal, particip\u00f3 del segundo plenario del a\u00f1o de la Asociaci\u00f3n Nacional de Facultades de Humanidades y Educaci\u00f3n -ANFHE-.que se realiz\u00f3 en la Facultad de Filosof\u00eda y Letras de la Universidad Nacional de Mendoza. Entre las tem\u00e1ticas trabajadas, se realiz\u00f3 un [&hellip;]<\/p>\n","protected":false},"author":3,"featured_media":5502,"comment_status":"closed","ping_status":"closed","sticky":false,"template":"","format":"standard","meta":{"footnotes":""},"categories":[12],"tags":[],"class_list":{"0":"post-5501","1":"post","2":"type-post","3":"status-publish","4":"format-standard","5":"has-post-thumbnail","6":"hentry","7":"category-gestion","9":"post-with-thumbnail","10":"post-with-thumbnail-large"},"_links":{"self":[{"href":"https:\/\/filo.unt.edu.ar\/noticias\/wp-json\/wp\/v2\/posts\/5501","targetHints":{"allow":["GET"]}}],"collection":[{"href":"https:\/\/filo.unt.edu.ar\/noticias\/wp-json\/wp\/v2\/posts"}],"about":[{"href":"https:\/\/filo.unt.edu.ar\/noticias\/wp-json\/wp\/v2\/types\/post"}],"author":[{"embeddable":true,"href":"https:\/\/filo.unt.edu.ar\/noticias\/wp-json\/wp\/v2\/users\/3"}],"replies":[{"embeddable":true,"href":"https:\/\/filo.unt.edu.ar\/noticias\/wp-json\/wp\/v2\/comments?post=5501"}],"version-history":[{"count":2,"href":"https:\/\/filo.unt.edu.ar\/noticias\/wp-json\/wp\/v2\/posts\/5501\/revisions"}],"predecessor-version":[{"id":5504,"href":"https:\/\/filo.unt.edu.ar\/noticias\/wp-json\/wp\/v2\/posts\/5501\/revisions\/5504"}],"wp:featuredmedia":[{"embeddable":true,"href":"https:\/\/filo.unt.edu.ar\/noticias\/wp-json\/wp\/v2\/media\/5502"}],"wp:attachment":[{"href":"https:\/\/filo.unt.edu.ar\/noticias\/wp-json\/wp\/v2\/media?parent=5501"}],"wp:term":[{"taxonomy":"category","embeddable":true,"href":"https:\/\/filo.unt.edu.ar\/noticias\/wp-json\/wp\/v2\/categories?post=5501"},{"taxonomy":"post_tag","embeddable":true,"href":"https:\/\/filo.unt.edu.ar\/noticias\/wp-json\/wp\/v2\/tags?post=5501"}],"curies":[{"name":"wp","href":"https:\/\/api.w.org\/{rel}","templated":true}]}}