{"id":5493,"date":"2019-11-02T12:53:52","date_gmt":"2019-11-02T15:53:52","guid":{"rendered":"http:\/\/filo.unt.edu.ar\/noticias\/?p=5493"},"modified":"2019-12-03T22:22:05","modified_gmt":"2019-12-04T01:22:05","slug":"charla-taller-el-sexo-y-yo","status":"publish","type":"post","link":"https:\/\/filo.unt.edu.ar\/noticias\/2019\/11\/02\/charla-taller-el-sexo-y-yo\/","title":{"rendered":"Charla taller &#8220;El sexo y yo&#8221;"},"content":{"rendered":"<p>El viernes 1, en el Espacio Cultural, se llev\u00f3 a cabo el taller &#8220;El sexo y yo. Interrupciones de mi mente en el encuentro sexual&#8221;, a cargo de la Psic\u00f3loga, Terapeuta Gest\u00e1ltica y Sex\u00f3loga, Sabrina R\u00edos Minahk, egresada de la Facultad de Psicolog\u00eda de la UNT.<\/p>\n<p>El encuentro consisti\u00f3 en una charla-taller vivencial de aproximadamente dos horas, en el que con recursos de psicolog\u00eda, gestalt, sexolog\u00eda y meditaci\u00f3n activa, se acompa\u00f1\u00f3 a lxs participantes (mayores de 18 a\u00f1os) a explorar su sexualidad.<\/p>\n<p>Entendiendo primero la importancia de la Salud Sexual como parte de la salud integral de las personas, el objetivo principal en esta aproximaci\u00f3n al tema fue el registro del di\u00e1logo interno ante la experiencia del encuentro sexual con unx mismx o con otra\/s persona\/s. Como un segundo objetivo, se propuso rastrear y descubrir a trav\u00e9s de los recursos propuestos, las interrupciones que nos hacemos a nivel mental y sus repercusiones en nuestra intimidad. Y como tercer objetivo general, se intent\u00f3 cuestionar dichos descubrimientos para poder elegir c\u00f3mo posicionarse para conectar con el placer.<\/p>\n<p><a href=\"https:\/\/www.facebook.com\/pg\/filount\/photos\/?tab=album&amp;album_id=1033519183650621\" target=\"_blank\" rel=\"noopener noreferrer\">Ver fotos <\/a><\/p>\n","protected":false},"excerpt":{"rendered":"<p>El viernes 1, en el Espacio Cultural, se llev\u00f3 a cabo el taller &#8220;El sexo y yo. Interrupciones de mi mente en el encuentro sexual&#8221;, a cargo de la Psic\u00f3loga, Terapeuta Gest\u00e1ltica y Sex\u00f3loga, Sabrina R\u00edos Minahk, egresada de la Facultad de Psicolog\u00eda de la UNT. El encuentro consisti\u00f3 en [&hellip;]<\/p>\n","protected":false},"author":3,"featured_media":5494,"comment_status":"closed","ping_status":"closed","sticky":false,"template":"","format":"standard","meta":{"footnotes":""},"categories":[16,6],"tags":[],"class_list":{"0":"post-5493","1":"post","2":"type-post","3":"status-publish","4":"format-standard","5":"has-post-thumbnail","6":"hentry","7":"category-espacio-cultural","8":"category-extension","10":"post-with-thumbnail","11":"post-with-thumbnail-large"},"_links":{"self":[{"href":"https:\/\/filo.unt.edu.ar\/noticias\/wp-json\/wp\/v2\/posts\/5493","targetHints":{"allow":["GET"]}}],"collection":[{"href":"https:\/\/filo.unt.edu.ar\/noticias\/wp-json\/wp\/v2\/posts"}],"about":[{"href":"https:\/\/filo.unt.edu.ar\/noticias\/wp-json\/wp\/v2\/types\/post"}],"author":[{"embeddable":true,"href":"https:\/\/filo.unt.edu.ar\/noticias\/wp-json\/wp\/v2\/users\/3"}],"replies":[{"embeddable":true,"href":"https:\/\/filo.unt.edu.ar\/noticias\/wp-json\/wp\/v2\/comments?post=5493"}],"version-history":[{"count":3,"href":"https:\/\/filo.unt.edu.ar\/noticias\/wp-json\/wp\/v2\/posts\/5493\/revisions"}],"predecessor-version":[{"id":5599,"href":"https:\/\/filo.unt.edu.ar\/noticias\/wp-json\/wp\/v2\/posts\/5493\/revisions\/5599"}],"wp:featuredmedia":[{"embeddable":true,"href":"https:\/\/filo.unt.edu.ar\/noticias\/wp-json\/wp\/v2\/media\/5494"}],"wp:attachment":[{"href":"https:\/\/filo.unt.edu.ar\/noticias\/wp-json\/wp\/v2\/media?parent=5493"}],"wp:term":[{"taxonomy":"category","embeddable":true,"href":"https:\/\/filo.unt.edu.ar\/noticias\/wp-json\/wp\/v2\/categories?post=5493"},{"taxonomy":"post_tag","embeddable":true,"href":"https:\/\/filo.unt.edu.ar\/noticias\/wp-json\/wp\/v2\/tags?post=5493"}],"curies":[{"name":"wp","href":"https:\/\/api.w.org\/{rel}","templated":true}]}}