{"id":5485,"date":"2019-11-25T19:40:01","date_gmt":"2019-11-25T22:40:01","guid":{"rendered":"http:\/\/filo.unt.edu.ar\/noticias\/?p=5485"},"modified":"2019-11-25T19:40:05","modified_gmt":"2019-11-25T22:40:05","slug":"se-presento-el-protocolo-de-actuacion-en-casos-de-violencia","status":"publish","type":"post","link":"https:\/\/filo.unt.edu.ar\/noticias\/2019\/11\/25\/se-presento-el-protocolo-de-actuacion-en-casos-de-violencia\/","title":{"rendered":"Se present\u00f3 el Protocolo de Actuaci\u00f3n en casos de Violencia"},"content":{"rendered":"<p>El lunes 25, la Facultad de Filosof\u00eda y Letras tuvo el honor de ser la sede en la que se present\u00f3 el Protocolo de Actuaci\u00f3n en casos de Violencia contra la Mujer de la Provincia. La actividad se desarroll\u00f3 en el marco del d\u00eda internacional de la eliminaci\u00f3n de la violencia contra las mujeres.<\/p>\n<p>El Protocolo fue elaborado por la Red Provincial Tucum\u00e1n contra la Violencia hacia las Mujeres, integrada por el Observatorio de la Mujer; los ministerios de Salud P\u00fablica, Desarrollo Social, Seguridad, Educaci\u00f3n; el Poder Judicial; entes aut\u00e1rquicos como la Defensor\u00eda del Pueblo de Tucum\u00e1n y organismos no gubernamentales. El mismo establece c\u00f3mo actuar ante situaciones de violencia, las obligaciones de los agentes p\u00fablicos de denunciar y de proteger a las mujeres.<\/p>\n<p>Estuvieron presentes la ministra de Salud P\u00fablica, doctora Rossana Chahla, quien destac\u00f3 la importancia de tener una herramienta que refuerce pol\u00edticas p\u00fablicas con perspectiva de g\u00e9nero; el ministro de Desarrollo social, Dr. Gabriel Yedlin, quien sostuvo que uno de los principales temas de la agenda social es la lucha contra la violencia hacia la mujer y ofrecer a quienes la padecen garant\u00edas y soluciones integrales.<\/p>\n<p>Por su parte la decana de la Facultad, Dra. Mercedes Leal, agradeci\u00f3 que nuestra casa de estudios hubiese sido elegida para la presentaci\u00f3n del Protocolo, porque \u201cnos permite renovar el compromiso de lucha contra la violencia hacia las mujeres\u201d. Y agreg\u00f3 que ese compromiso se visibiliza en hechos como la adhesi\u00f3n a la Ley Micaela, en los procesos de capacitaci\u00f3n al personal para la aplicaci\u00f3n de perspectiva de g\u00e9nero en el contenido curricular de distintas materias, la creaci\u00f3n del Espacio de Informaci\u00f3n, Orientaci\u00f3n y Capacitaci\u00f3n en Violencia de G\u00e9nero dentro de la Secretar\u00eda de Extensi\u00f3n, entre otras acciones.<\/p>\n<p>La Lic. Eva Fontdevila, coordinadora del Observatorio de la Mujer, remarc\u00f3 el valor de esta herramienta en tanto permite consolidar articulaciones necesarias entre los espacios de decisi\u00f3n gubernamental y la sociedad civil, para formar recursos humanos capacitados para atender y acompa\u00f1ar a las v\u00edctimas. \u201cLa violencia como problema social requiere este trabajo en red para que la mujer reciba una respuesta efectiva, que permita reducir esa ruta cr\u00edtica que deben transitar las v\u00edctimas\u201d, asegur\u00f3.<\/p>\n<p>Celebramos la articulaci\u00f3n que esta actividad visibiliza, entre organismos provinciales y nuestra Facultad, en tanto permite potenciar la atenci\u00f3n, la prevenci\u00f3n y la capacitaci\u00f3n sobre esta problem\u00e1tica.<\/p>\n<p><a href=\"https:\/\/www.facebook.com\/pg\/filount\/photos\/?tab=album&amp;album_id=1046626079006598&amp;__xts__%5B0%5D=68.ARC_4UpSJmkso3ncCMRnqnCZv-nXIiGEUEU4vtIlxE1iLrS33G4Ny9o6V8tlbW7zGLT2wCBVVkmVIZD81wHmvsiy7inb-k6IqoYKTuPvbEXz22NxKgDRxrq35x-Z1Js-GMJBiCiOgUBLCAA4F2kAzlkhTCSH8VDUaxHRqj_SvJGShaoY5CfgJDUutZAPssU0XRdpWGp3wtdgRKSBC0XTh5airHO07U3uZ6AXuh848pXOfa98IiIw8oTSRoG0nz8dAspYn0eivdLZk-w7s_AKt3JLlTZXiqHXyD1mWGU9UR-Cj0Y-JuqQhuA-cPCM8kUgjfbl_JQdy9v_EgtSczoH-zmP4EGAwuXBbENNsM_DsPEu7W0YvCcb_ypa3OY9LfrFIkdaQ4r73Le2DHETOIJAgm0MXdb4ovFvCDE1xnuMZFJfmyiHdLn7WR8-7_ud1p3bxpEeSNLsDJHeynms_n4G&amp;__tn__=-UC-R\" target=\"_blank\" rel=\"noopener noreferrer\">VER FOTOS<\/a><\/p>\n","protected":false},"excerpt":{"rendered":"<p>El lunes 25, la Facultad de Filosof\u00eda y Letras tuvo el honor de ser la sede en la que se present\u00f3 el Protocolo de Actuaci\u00f3n en casos de Violencia contra la Mujer de la Provincia. La actividad se desarroll\u00f3 en el marco del d\u00eda internacional de la eliminaci\u00f3n de la [&hellip;]<\/p>\n","protected":false},"author":3,"featured_media":5486,"comment_status":"closed","ping_status":"closed","sticky":false,"template":"","format":"standard","meta":{"footnotes":""},"categories":[6,12],"tags":[],"class_list":{"0":"post-5485","1":"post","2":"type-post","3":"status-publish","4":"format-standard","5":"has-post-thumbnail","6":"hentry","7":"category-extension","8":"category-gestion","10":"post-with-thumbnail","11":"post-with-thumbnail-large"},"_links":{"self":[{"href":"https:\/\/filo.unt.edu.ar\/noticias\/wp-json\/wp\/v2\/posts\/5485","targetHints":{"allow":["GET"]}}],"collection":[{"href":"https:\/\/filo.unt.edu.ar\/noticias\/wp-json\/wp\/v2\/posts"}],"about":[{"href":"https:\/\/filo.unt.edu.ar\/noticias\/wp-json\/wp\/v2\/types\/post"}],"author":[{"embeddable":true,"href":"https:\/\/filo.unt.edu.ar\/noticias\/wp-json\/wp\/v2\/users\/3"}],"replies":[{"embeddable":true,"href":"https:\/\/filo.unt.edu.ar\/noticias\/wp-json\/wp\/v2\/comments?post=5485"}],"version-history":[{"count":3,"href":"https:\/\/filo.unt.edu.ar\/noticias\/wp-json\/wp\/v2\/posts\/5485\/revisions"}],"predecessor-version":[{"id":5489,"href":"https:\/\/filo.unt.edu.ar\/noticias\/wp-json\/wp\/v2\/posts\/5485\/revisions\/5489"}],"wp:featuredmedia":[{"embeddable":true,"href":"https:\/\/filo.unt.edu.ar\/noticias\/wp-json\/wp\/v2\/media\/5486"}],"wp:attachment":[{"href":"https:\/\/filo.unt.edu.ar\/noticias\/wp-json\/wp\/v2\/media?parent=5485"}],"wp:term":[{"taxonomy":"category","embeddable":true,"href":"https:\/\/filo.unt.edu.ar\/noticias\/wp-json\/wp\/v2\/categories?post=5485"},{"taxonomy":"post_tag","embeddable":true,"href":"https:\/\/filo.unt.edu.ar\/noticias\/wp-json\/wp\/v2\/tags?post=5485"}],"curies":[{"name":"wp","href":"https:\/\/api.w.org\/{rel}","templated":true}]}}