{"id":5418,"date":"2019-10-25T11:49:39","date_gmt":"2019-10-25T14:49:39","guid":{"rendered":"http:\/\/filo.unt.edu.ar\/noticias\/?p=5418"},"modified":"2019-11-05T12:49:50","modified_gmt":"2019-11-05T15:49:50","slug":"filo-y-letras-participo-de-la-expo-extension-2019","status":"publish","type":"post","link":"https:\/\/filo.unt.edu.ar\/noticias\/2019\/10\/25\/filo-y-letras-participo-de-la-expo-extension-2019\/","title":{"rendered":"Filo y Letras particip\u00f3 de la Expo Extensi\u00f3n 2019"},"content":{"rendered":"<p>El 23 de octubre se realiz\u00f3 en el Centro Prebisch el segundo encuentro de la &#8220;Expo Extensi\u00f3n Universitaria 2019&#8221; organizada por la Secretar\u00eda de Extensi\u00f3n Universitaria y de la que participaron las distintas unidades acad\u00e9micas, incluida nuestra Facultad.<\/p>\n<p>El objetivo de esta Expo fue visibilizar las actividades de extensi\u00f3n que se realizan en la UNT. Para esto se propusieron tres encuentros, el primero fue en el predio de la Quinta Agron\u00f3mica y el tercero en el patio central del Rectorado. En cada uno de los espacios se reunieron las unidades acad\u00e9micas que participaron para mostrar el potencial que tienen. Los destinatarios fueron estudiantes, docentes, personal universitario y graduados.<\/p>\n<p>La propuesta incluy\u00f3 la participaci\u00f3n de las orquestas de la UNT, otros grupos musicales; hubo tambi\u00e9n diversas intervenciones art\u00edsticas, adem\u00e1s de los stands de todas las casas de altos estudios mostrando sus trabajos de extensi\u00f3n.<\/p>\n<p><a href=\"https:\/\/www.facebook.com\/pg\/filount\/photos\/?tab=album&amp;album_id=1016797345322805\" target=\"_blank\" rel=\"noopener noreferrer\">VER FOTOS<\/a><\/p>\n","protected":false},"excerpt":{"rendered":"<p>El 23 de octubre se realiz\u00f3 en el Centro Prebisch el segundo encuentro de la &#8220;Expo Extensi\u00f3n Universitaria 2019&#8221; organizada por la Secretar\u00eda de Extensi\u00f3n Universitaria y de la que participaron las distintas unidades acad\u00e9micas, incluida nuestra Facultad. El objetivo de esta Expo fue visibilizar las actividades de extensi\u00f3n que [&hellip;]<\/p>\n","protected":false},"author":101021,"featured_media":5419,"comment_status":"closed","ping_status":"closed","sticky":false,"template":"","format":"standard","meta":{"footnotes":""},"categories":[8,6,12],"tags":[],"class_list":{"0":"post-5418","1":"post","2":"type-post","3":"status-publish","4":"format-standard","5":"has-post-thumbnail","6":"hentry","7":"category-eventos-academicos","8":"category-extension","9":"category-gestion","11":"post-with-thumbnail","12":"post-with-thumbnail-large"},"_links":{"self":[{"href":"https:\/\/filo.unt.edu.ar\/noticias\/wp-json\/wp\/v2\/posts\/5418","targetHints":{"allow":["GET"]}}],"collection":[{"href":"https:\/\/filo.unt.edu.ar\/noticias\/wp-json\/wp\/v2\/posts"}],"about":[{"href":"https:\/\/filo.unt.edu.ar\/noticias\/wp-json\/wp\/v2\/types\/post"}],"author":[{"embeddable":true,"href":"https:\/\/filo.unt.edu.ar\/noticias\/wp-json\/wp\/v2\/users\/101021"}],"replies":[{"embeddable":true,"href":"https:\/\/filo.unt.edu.ar\/noticias\/wp-json\/wp\/v2\/comments?post=5418"}],"version-history":[{"count":5,"href":"https:\/\/filo.unt.edu.ar\/noticias\/wp-json\/wp\/v2\/posts\/5418\/revisions"}],"predecessor-version":[{"id":5451,"href":"https:\/\/filo.unt.edu.ar\/noticias\/wp-json\/wp\/v2\/posts\/5418\/revisions\/5451"}],"wp:featuredmedia":[{"embeddable":true,"href":"https:\/\/filo.unt.edu.ar\/noticias\/wp-json\/wp\/v2\/media\/5419"}],"wp:attachment":[{"href":"https:\/\/filo.unt.edu.ar\/noticias\/wp-json\/wp\/v2\/media?parent=5418"}],"wp:term":[{"taxonomy":"category","embeddable":true,"href":"https:\/\/filo.unt.edu.ar\/noticias\/wp-json\/wp\/v2\/categories?post=5418"},{"taxonomy":"post_tag","embeddable":true,"href":"https:\/\/filo.unt.edu.ar\/noticias\/wp-json\/wp\/v2\/tags?post=5418"}],"curies":[{"name":"wp","href":"https:\/\/api.w.org\/{rel}","templated":true}]}}