{"id":5399,"date":"2019-10-07T14:55:07","date_gmt":"2019-10-07T17:55:07","guid":{"rendered":"http:\/\/filo.unt.edu.ar\/noticias\/?p=5399"},"modified":"2019-11-05T10:20:00","modified_gmt":"2019-11-05T13:20:00","slug":"jornada-de-violencia-contra-las-mujeres","status":"publish","type":"post","link":"https:\/\/filo.unt.edu.ar\/noticias\/2019\/10\/07\/jornada-de-violencia-contra-las-mujeres\/","title":{"rendered":"Jornada de Violencia contra las Mujeres"},"content":{"rendered":"<p>El 4 de octubre se llev\u00f3 adelante la \u201cIV Jornada de Violencia contra las Mujeres. Desaf\u00edo del Abordaje Integral como Pol\u00edtica P\u00fablica\u201d, en el Espacio Cultural de nuestra Facultad.<\/p>\n<p>La jornada se realiz\u00f3 en conjunto con el Ministerio de Desarrollo Social de la Provincia de Tucum\u00e1n, a trav\u00e9s del Observatorio de la Mujer, y se estructur\u00f3 en base a dos ejes: <em>Masculinidades y el Desaf\u00edo de Trabajar con Agresores en las situaciones de Violencia<\/em>; y <em>V\u00ednculos y Violencia en tiempos del Feminismo<\/em>.<\/p>\n<p>De la apertura del encuentro participaron Mercedes Leal, decana de nuestra Facultad, Gabriel Yedlin, titular de la cartera de Desarrollo Social y Eva Fontdevila, coordinadora del Observatorio.<\/p>\n<p>Leal explic\u00f3: \u201c las estad\u00edsticas dram\u00e1ticas de feminicidios en nuestro pa\u00eds nos tiene que llevar a profundizar las pol\u00edticas acad\u00e9micas que pongan en foco y visibilicen estos temas para dar una respuesta pedag\u00f3gica trabajando dentro de la universidad p\u00fablica la perspectiva g\u00e9nero. Es necesario volcar esta perspectiva al curr\u00edculum acad\u00e9mico y avanzar en el compromiso de la universidad p\u00fablica de abordar el tema en las aulas para una mejor comprensi\u00f3n&#8221;. Por otro lado, destac\u00f3 la creaci\u00f3n en el seno de la Secretar\u00eda de Extensi\u00f3n de la Facultad de Filosof\u00eda y Letras de un espacio de capacitaci\u00f3n y orientaci\u00f3n sobre violencia de g\u00e9nero en articulaci\u00f3n con el Observatorio de la Mujer.<\/p>\n<p><a href=\"https:\/\/www.facebook.com\/pg\/filount\/photos\/?tab=album&amp;album_id=1000313216971218\" target=\"_blank\" rel=\"noopener noreferrer\">VER FOTOS<\/a><\/p>\n","protected":false},"excerpt":{"rendered":"<p>El 4 de octubre se llev\u00f3 adelante la \u201cIV Jornada de Violencia contra las Mujeres. Desaf\u00edo del Abordaje Integral como Pol\u00edtica P\u00fablica\u201d, en el Espacio Cultural de nuestra Facultad. La jornada se realiz\u00f3 en conjunto con el Ministerio de Desarrollo Social de la Provincia de Tucum\u00e1n, a trav\u00e9s del Observatorio [&hellip;]<\/p>\n","protected":false},"author":101021,"featured_media":5400,"comment_status":"closed","ping_status":"closed","sticky":false,"template":"","format":"standard","meta":{"footnotes":""},"categories":[16,8,6,12],"tags":[],"class_list":{"0":"post-5399","1":"post","2":"type-post","3":"status-publish","4":"format-standard","5":"has-post-thumbnail","6":"hentry","7":"category-espacio-cultural","8":"category-eventos-academicos","9":"category-extension","10":"category-gestion","12":"post-with-thumbnail","13":"post-with-thumbnail-large"},"_links":{"self":[{"href":"https:\/\/filo.unt.edu.ar\/noticias\/wp-json\/wp\/v2\/posts\/5399","targetHints":{"allow":["GET"]}}],"collection":[{"href":"https:\/\/filo.unt.edu.ar\/noticias\/wp-json\/wp\/v2\/posts"}],"about":[{"href":"https:\/\/filo.unt.edu.ar\/noticias\/wp-json\/wp\/v2\/types\/post"}],"author":[{"embeddable":true,"href":"https:\/\/filo.unt.edu.ar\/noticias\/wp-json\/wp\/v2\/users\/101021"}],"replies":[{"embeddable":true,"href":"https:\/\/filo.unt.edu.ar\/noticias\/wp-json\/wp\/v2\/comments?post=5399"}],"version-history":[{"count":4,"href":"https:\/\/filo.unt.edu.ar\/noticias\/wp-json\/wp\/v2\/posts\/5399\/revisions"}],"predecessor-version":[{"id":5427,"href":"https:\/\/filo.unt.edu.ar\/noticias\/wp-json\/wp\/v2\/posts\/5399\/revisions\/5427"}],"wp:featuredmedia":[{"embeddable":true,"href":"https:\/\/filo.unt.edu.ar\/noticias\/wp-json\/wp\/v2\/media\/5400"}],"wp:attachment":[{"href":"https:\/\/filo.unt.edu.ar\/noticias\/wp-json\/wp\/v2\/media?parent=5399"}],"wp:term":[{"taxonomy":"category","embeddable":true,"href":"https:\/\/filo.unt.edu.ar\/noticias\/wp-json\/wp\/v2\/categories?post=5399"},{"taxonomy":"post_tag","embeddable":true,"href":"https:\/\/filo.unt.edu.ar\/noticias\/wp-json\/wp\/v2\/tags?post=5399"}],"curies":[{"name":"wp","href":"https:\/\/api.w.org\/{rel}","templated":true}]}}