{"id":5342,"date":"2019-10-24T19:16:18","date_gmt":"2019-10-24T22:16:18","guid":{"rendered":"http:\/\/filo.unt.edu.ar\/noticias\/?p=5342"},"modified":"2019-11-04T12:33:42","modified_gmt":"2019-11-04T15:33:42","slug":"humanitas-presento-el-oscuro-olvido-de-francisco-julia","status":"publish","type":"post","link":"https:\/\/filo.unt.edu.ar\/noticias\/2019\/10\/24\/humanitas-presento-el-oscuro-olvido-de-francisco-julia\/","title":{"rendered":"Humanitas present\u00f3 &#8220;El oscuro olvido&#8221; de Francisco Juli\u00e1"},"content":{"rendered":"<div id=\"pl-5342\"  class=\"panel-layout\" ><div id=\"pg-5342-0\"  class=\"panel-grid panel-no-style\" ><div id=\"pgc-5342-0-0\"  class=\"panel-grid-cell\" ><div id=\"panel-5342-0-0-0\" class=\"so-panel widget widget_black-studio-tinymce widget_black_studio_tinymce panel-first-child panel-last-child\" data-index=\"0\" ><div class=\"textwidget\"><p>El martes 22, en el Centro Cultural Roug\u00e9s, el sello editorial de la Facultad present\u00f3 el libro de cuentos \"El oscuro olvido\" del escritor tucumano -que fuera profesor de Literatura Argentin de nuestra casa de estudios-, Francisco Juli\u00e1.<\/p>\n<p>La actividad comenz\u00f3 con la bienvenida a los presentes a cargo del Vicedecano, Mg. Santiago Bliss, y la Directora del Departamento de Publicaciones, Dra. Elena Acevedo. Ambos destacaron la importancia de la actividad del Departamento de Publicaciones <em>Eugenia R\u00edos<\/em> de nuestra Facultad, haciendo hincapi\u00e9 en el hecho de que, por el n\u00famero de t\u00edtulos publicados, esta es una de las Editoriales m\u00e1s importantes del NOA. Se resalt\u00f3 tambi\u00e9n la importante labor que el sello realiza en pos de difundir y visibilizar \"las voces de la regi\u00f3n\" con colecciones como \"Letra y Voz\", a la que pertenece el libro de Juli\u00e1.<\/p>\n<p>La obra fue presentada por la Dra. Liliana Massara y Soledad Juli\u00e1, hija del escritor. La Dra. Massara, luego de un emotivo relato sobre su experiencia como alumna del autor, hizo un recorrido cr\u00edtico por los cuentos incluidos en la publicaci\u00f3n, analizando las cualidades de una narrativa que \"requiere un lector atento\", destacando el manejo que el autor tiene de la iron\u00eda y el humor. Recalc\u00f3 la importancia de reeditar a un autor que forma parte de la narrativa tucumana y del noroeste, enfatizando que la obra de Juli\u00e1, junto con la de otros escritores de la regi\u00f3n, forman un corpus importante a la hora de estudiar el sistema literario tucumano y los di\u00e1logos que se pueden establecer con el sistema literario nacional.<\/p>\n<p>Por su parte, Soledad Juli\u00e1 hizo una breve rese\u00f1a de la trayectoria y la producci\u00f3n del escritor y lo enmarc\u00f3 dentro de la generaci\u00f3n de escritores tucumanos del 60', junto con Hugo Foguet, David Lagmanovich, Jorge Estrella, entre otros y otras poetas y narradores. Concluy\u00f3 su intervenci\u00f3n con un emotivo agradecimiento a la Facultad por el reconocimiento que implica la reedici\u00f3n de \"El oscuro olvido\".<\/p>\n<p><a href=\"https:\/\/www.facebook.com\/pg\/filount\/photos\/?tab=album&amp;album_id=1016724351996771\" target=\"_blank\" rel=\"noopener\">VER FOTOS<\/a><\/p>\n<\/div><\/div><\/div><\/div><\/div>","protected":false},"excerpt":{"rendered":"<p>El martes 22, en el Centro Cultural Roug\u00e9s, el sello editorial de la Facultad present\u00f3 el libro de cuentos &#8220;El oscuro olvido&#8221; del escritor tucumano -que fuera profesor de Literatura Argentin de nuestra casa de estudios-, Francisco Juli\u00e1. La actividad comenz\u00f3 con la bienvenida a los presentes a cargo del [&hellip;]<\/p>\n","protected":false},"author":3,"featured_media":5357,"comment_status":"closed","ping_status":"closed","sticky":false,"template":"","format":"standard","meta":{"footnotes":""},"categories":[7],"tags":[],"class_list":{"0":"post-5342","1":"post","2":"type-post","3":"status-publish","4":"format-standard","5":"has-post-thumbnail","6":"hentry","7":"category-publicaciones","9":"post-with-thumbnail","10":"post-with-thumbnail-large"},"_links":{"self":[{"href":"https:\/\/filo.unt.edu.ar\/noticias\/wp-json\/wp\/v2\/posts\/5342","targetHints":{"allow":["GET"]}}],"collection":[{"href":"https:\/\/filo.unt.edu.ar\/noticias\/wp-json\/wp\/v2\/posts"}],"about":[{"href":"https:\/\/filo.unt.edu.ar\/noticias\/wp-json\/wp\/v2\/types\/post"}],"author":[{"embeddable":true,"href":"https:\/\/filo.unt.edu.ar\/noticias\/wp-json\/wp\/v2\/users\/3"}],"replies":[{"embeddable":true,"href":"https:\/\/filo.unt.edu.ar\/noticias\/wp-json\/wp\/v2\/comments?post=5342"}],"version-history":[{"count":4,"href":"https:\/\/filo.unt.edu.ar\/noticias\/wp-json\/wp\/v2\/posts\/5342\/revisions"}],"predecessor-version":[{"id":5384,"href":"https:\/\/filo.unt.edu.ar\/noticias\/wp-json\/wp\/v2\/posts\/5342\/revisions\/5384"}],"wp:featuredmedia":[{"embeddable":true,"href":"https:\/\/filo.unt.edu.ar\/noticias\/wp-json\/wp\/v2\/media\/5357"}],"wp:attachment":[{"href":"https:\/\/filo.unt.edu.ar\/noticias\/wp-json\/wp\/v2\/media?parent=5342"}],"wp:term":[{"taxonomy":"category","embeddable":true,"href":"https:\/\/filo.unt.edu.ar\/noticias\/wp-json\/wp\/v2\/categories?post=5342"},{"taxonomy":"post_tag","embeddable":true,"href":"https:\/\/filo.unt.edu.ar\/noticias\/wp-json\/wp\/v2\/tags?post=5342"}],"curies":[{"name":"wp","href":"https:\/\/api.w.org\/{rel}","templated":true}]}}