{"id":5331,"date":"2019-10-07T11:42:47","date_gmt":"2019-10-07T14:42:47","guid":{"rendered":"http:\/\/filo.unt.edu.ar\/noticias\/?p=5331"},"modified":"2019-11-05T12:02:22","modified_gmt":"2019-11-05T15:02:22","slug":"ii-jornadas-provinciales-de-trabajo-social","status":"publish","type":"post","link":"https:\/\/filo.unt.edu.ar\/noticias\/2019\/10\/07\/ii-jornadas-provinciales-de-trabajo-social\/","title":{"rendered":"II Jornadas Provinciales de Trabajo Social"},"content":{"rendered":"<p>Los d\u00edas 3 y 4 de octubre se llevaron a cabo las &#8220;II Jornadas Provinciales de Trabajo Social&#8221; bajo el lema <em>Proyectos profesionales y construcci\u00f3n de la identidad colectiva: nudos problem\u00e1ticos que atraviesan la Formaci\u00f3n y el Ejercicio Profesional<\/em>. Participaron aproximadamente 400 personas intercambiando ideas y debatiendo acerca de las identidades y proyectos profesionales. Tambi\u00e9n se present\u00f3 la publicaci\u00f3n de las I Jornadas Provinciales.<\/p>\n<p>La apertura estuvo a cargo del ministro de Desarrollo Social, Dr. Gabriel Yedlin, la Decana de nuestra Casa, Dra. Mercedes Leal; la Presidente del Colegio de Profesionales en Servicio o Trabajo Social Tucum\u00e1n, Lic. Soledad Rold\u00e1n, y la Directora del Departamento de Trabajo Social, Dra. Ana Carrera.<\/p>\n<p>Las actividades continuaron con una conferencia central en la que disert\u00f3 la Mg. Carmen Lera, de la UNER, y Mesas Simult\u00e1neas. El viernes 4, la Conferencia Central la brind\u00f3 la Dra. Mar\u00eda Eugenia Hermida, de la UNLP. Luego se expusieron las Conclusiones Finales y se realiz\u00f3 un cierre art\u00edstico con Cristian Romano, &#8220;El Paisa&#8221;.<\/p>\n<p>En el sector de los Merenderos funcionaron espacios recreativos para ni\u00f1xs y adultxs, y un Mercadito Solidario de Emprendedores durante ambos d\u00edas.<\/p>\n<p>La organizaci\u00f3n estuvo a cargo de la Carrera de Lic. en Trabajo Social de nuestra Casa de Estudios y el Colegio de Profesionales en Servicio o Trabajo Social de Tucum\u00e1n.<\/p>\n<p><a href=\"https:\/\/www.facebook.com\/pg\/filount\/photos\/?tab=album&amp;album_id=1002610870074786\" target=\"_blank\" rel=\"noopener noreferrer\">VER FOTOS<\/a><\/p>\n<p><a href=\"https:\/\/www.facebook.com\/filount\/videos\/907925329580471\/\" target=\"_blank\" rel=\"noopener noreferrer\">VER VIDEO<\/a><\/p>\n<p><a href=\"https:\/\/www.facebook.com\/JornadasProvincialesTSTucuman\" target=\"_blank\" rel=\"noopener noreferrer\">FACEBOOK JORNADAS PROVINCIALES TUCUM\u00c1N<\/a><\/p>\n","protected":false},"excerpt":{"rendered":"<p>Los d\u00edas 3 y 4 de octubre se llevaron a cabo las &#8220;II Jornadas Provinciales de Trabajo Social&#8221; bajo el lema Proyectos profesionales y construcci\u00f3n de la identidad colectiva: nudos problem\u00e1ticos que atraviesan la Formaci\u00f3n y el Ejercicio Profesional. Participaron aproximadamente 400 personas intercambiando ideas y debatiendo acerca de las [&hellip;]<\/p>\n","protected":false},"author":101013,"featured_media":5438,"comment_status":"closed","ping_status":"closed","sticky":false,"template":"","format":"standard","meta":{"footnotes":""},"categories":[8],"tags":[],"class_list":{"0":"post-5331","1":"post","2":"type-post","3":"status-publish","4":"format-standard","5":"has-post-thumbnail","6":"hentry","7":"category-eventos-academicos","9":"post-with-thumbnail","10":"post-with-thumbnail-large"},"_links":{"self":[{"href":"https:\/\/filo.unt.edu.ar\/noticias\/wp-json\/wp\/v2\/posts\/5331","targetHints":{"allow":["GET"]}}],"collection":[{"href":"https:\/\/filo.unt.edu.ar\/noticias\/wp-json\/wp\/v2\/posts"}],"about":[{"href":"https:\/\/filo.unt.edu.ar\/noticias\/wp-json\/wp\/v2\/types\/post"}],"author":[{"embeddable":true,"href":"https:\/\/filo.unt.edu.ar\/noticias\/wp-json\/wp\/v2\/users\/101013"}],"replies":[{"embeddable":true,"href":"https:\/\/filo.unt.edu.ar\/noticias\/wp-json\/wp\/v2\/comments?post=5331"}],"version-history":[{"count":4,"href":"https:\/\/filo.unt.edu.ar\/noticias\/wp-json\/wp\/v2\/posts\/5331\/revisions"}],"predecessor-version":[{"id":5443,"href":"https:\/\/filo.unt.edu.ar\/noticias\/wp-json\/wp\/v2\/posts\/5331\/revisions\/5443"}],"wp:featuredmedia":[{"embeddable":true,"href":"https:\/\/filo.unt.edu.ar\/noticias\/wp-json\/wp\/v2\/media\/5438"}],"wp:attachment":[{"href":"https:\/\/filo.unt.edu.ar\/noticias\/wp-json\/wp\/v2\/media?parent=5331"}],"wp:term":[{"taxonomy":"category","embeddable":true,"href":"https:\/\/filo.unt.edu.ar\/noticias\/wp-json\/wp\/v2\/categories?post=5331"},{"taxonomy":"post_tag","embeddable":true,"href":"https:\/\/filo.unt.edu.ar\/noticias\/wp-json\/wp\/v2\/tags?post=5331"}],"curies":[{"name":"wp","href":"https:\/\/api.w.org\/{rel}","templated":true}]}}