{"id":5280,"date":"2019-10-30T23:13:18","date_gmt":"2019-10-31T02:13:18","guid":{"rendered":"http:\/\/filo.unt.edu.ar\/noticias\/?p=5280"},"modified":"2019-11-05T12:44:47","modified_gmt":"2019-11-05T15:44:47","slug":"filo-muestra-su-oferta-academica","status":"publish","type":"post","link":"https:\/\/filo.unt.edu.ar\/noticias\/2019\/10\/30\/filo-muestra-su-oferta-academica\/","title":{"rendered":"Filo muestra su Oferta acad\u00e9mica"},"content":{"rendered":"<div id=\"pl-5280\"  class=\"panel-layout\" ><div id=\"pg-5280-0\"  class=\"panel-grid panel-no-style\" ><div id=\"pgc-5280-0-0\"  class=\"panel-grid-cell\" ><div id=\"panel-5280-0-0-0\" class=\"so-panel widget widget_black-studio-tinymce widget_black_studio_tinymce panel-first-child panel-last-child\" data-index=\"0\" ><div class=\"textwidget\"><p>Se acerca el per\u00edodo de inscripci\u00f3n 2020 y la Facultad muestra su oferta acad\u00e9mica a trav\u00e9s de diferentes acciones.<\/p>\n<p>Filosof\u00eda y Letras particip\u00f3 de la \"Primera Expo Universidad\" del Colegio Santa Catalina, junto con otras facultades de la UNT como la de Medicina, Ciencias Econ\u00f3micas, Ciencias Exactas y Tecnol\u00f3gicas, Psicolog\u00eda, Odontolog\u00eda y la Universidad Siglo XXI, la UNSTA, la USPT y el Instituto Decroly.<\/p>\n<p>A la Expo no solo asistieron alumnas del colegio Santa Catalina sino estudiantes de otras instituciones: el Colegio Tulio Garc\u00eda Fern\u00e1ndez, la Escuela de Comercio N\u00b0 1, el Colegio Seminario, el Colegio Nacional y el Colegio Mar\u00eda Auxiliadora.<\/p>\n<p>Esta actividad fue organizada por el Consejo de alumnas y el departamento de Orientaci\u00f3n Escolar del Colegio Santa Catalina y tuvo el objetivo de que los y las estudiantes conozcan las diferentes ofertas acad\u00e9micas universitarias para decidir su futuro.<\/p>\n<p>Por su parte, el Programa Universitario de Extensi\u00f3n y Desarrollo Social de la Secretar\u00eda de Extensi\u00f3n Universitaria (PUEDES) de la UNT, en el marco de los proyectos \u201cLa Universidad en los Barrios\u201d y \u201cUniversidad Abierta\u201d,\u00a0 sigue con la \u201cMuestra Acad\u00e9mica UNT \u2013 2019\u201d. En esta ocasi\u00f3n las Facultades viajaron a Alberdi y ah\u00ed tambi\u00e9n estuvo Filo.<\/p>\n<p>A su vez, hay instituciones educativas que organizan visitas a las instalaciones de la Facultad para que sus estudiantes no s\u00f3lo se enteren de la oferta acad\u00e9mica y los requisitos para la inscripci\u00f3n sino que tambi\u00e9n se vayan familiarizando con la vida universitaria. Nos visitaron estudiantes de la Escuela Media Los Gutierrez <a href=\"https:\/\/www.facebook.com\/filount\/photos\/a.254971904838690\/1015757348760138\/?type=3&amp;theater\" target=\"_blank\" rel=\"noopener\">(ver foto)<\/a>, y del Colegio San Mat\u00edas <a href=\"https:\/\/www.facebook.com\/filount\/photos\/a.254971904838690\/1017458335256706\/?type=3&amp;theater\" target=\"_blank\" rel=\"noopener\">(ver foto)<\/a><\/p>\n<p><a href=\"https:\/\/www.facebook.com\/filount\/posts\/1017464568589416?__xts__[0]=68.ARBDhaZnixc_xChuezCf9XwvFFchLHUyk3UNx10V8SON9-f13JobaKj_5wN8w1Y_acTHoWGAgV_WzxtGE8tpXO2Yd0KrWme-t_aIxhaoGOQN7gUT_wvBELo5HXBn2u-nj6uWCAbeWno16Mfs9UW27cscNx2u4bxzBaY4zLfjpWDLK1DONCfSbF-n4kABY3XPcAi5QC07cRPM9FxhBdWWIGSbt6YETQxv6y7t03AFh5IyPG2mAFVyIF73DGYSLwkU6rxdpg_B7FxNwL7W2AAGBv61q9lyaNkUxbIl3gR6gyzKoIKPjNYNHzycCDdbxZhkumqxYt24mScBG-EHCRnJlVghrw&amp;__tn__=-R\" target=\"_blank\" rel=\"noopener\">VER FOTOS \"Primera Expo Universidad\" del Colegio Santa Catalina<\/a><\/p>\n<p><a href=\"https:\/\/www.facebook.com\/pg\/filount\/photos\/?tab=album&amp;album_id=1021881851481021\" target=\"_blank\" rel=\"noopener\">VER FOTOS \u201cMuestra Acad\u00e9mica UNT \u2013 2019\u201d<\/a><\/p>\n<\/div><\/div><\/div><\/div><\/div>","protected":false},"excerpt":{"rendered":"<p>Se acerca el per\u00edodo de inscripci\u00f3n 2020 y la Facultad muestra su oferta acad\u00e9mica a trav\u00e9s de diferentes acciones. Filosof\u00eda y Letras particip\u00f3 de la &#8220;Primera Expo Universidad&#8221; del Colegio Santa Catalina, junto con otras facultades de la UNT como la de Medicina, Ciencias Econ\u00f3micas, Ciencias Exactas y Tecnol\u00f3gicas, Psicolog\u00eda, [&hellip;]<\/p>\n","protected":false},"author":3,"featured_media":5290,"comment_status":"closed","ping_status":"closed","sticky":false,"template":"","format":"standard","meta":{"footnotes":""},"categories":[8,6],"tags":[],"class_list":{"0":"post-5280","1":"post","2":"type-post","3":"status-publish","4":"format-standard","5":"has-post-thumbnail","6":"hentry","7":"category-eventos-academicos","8":"category-extension","10":"post-with-thumbnail","11":"post-with-thumbnail-large"},"_links":{"self":[{"href":"https:\/\/filo.unt.edu.ar\/noticias\/wp-json\/wp\/v2\/posts\/5280","targetHints":{"allow":["GET"]}}],"collection":[{"href":"https:\/\/filo.unt.edu.ar\/noticias\/wp-json\/wp\/v2\/posts"}],"about":[{"href":"https:\/\/filo.unt.edu.ar\/noticias\/wp-json\/wp\/v2\/types\/post"}],"author":[{"embeddable":true,"href":"https:\/\/filo.unt.edu.ar\/noticias\/wp-json\/wp\/v2\/users\/3"}],"replies":[{"embeddable":true,"href":"https:\/\/filo.unt.edu.ar\/noticias\/wp-json\/wp\/v2\/comments?post=5280"}],"version-history":[{"count":4,"href":"https:\/\/filo.unt.edu.ar\/noticias\/wp-json\/wp\/v2\/posts\/5280\/revisions"}],"predecessor-version":[{"id":5387,"href":"https:\/\/filo.unt.edu.ar\/noticias\/wp-json\/wp\/v2\/posts\/5280\/revisions\/5387"}],"wp:featuredmedia":[{"embeddable":true,"href":"https:\/\/filo.unt.edu.ar\/noticias\/wp-json\/wp\/v2\/media\/5290"}],"wp:attachment":[{"href":"https:\/\/filo.unt.edu.ar\/noticias\/wp-json\/wp\/v2\/media?parent=5280"}],"wp:term":[{"taxonomy":"category","embeddable":true,"href":"https:\/\/filo.unt.edu.ar\/noticias\/wp-json\/wp\/v2\/categories?post=5280"},{"taxonomy":"post_tag","embeddable":true,"href":"https:\/\/filo.unt.edu.ar\/noticias\/wp-json\/wp\/v2\/tags?post=5280"}],"curies":[{"name":"wp","href":"https:\/\/api.w.org\/{rel}","templated":true}]}}