{"id":5182,"date":"2019-09-18T10:06:01","date_gmt":"2019-09-18T13:06:01","guid":{"rendered":"http:\/\/filo.unt.edu.ar\/noticias\/?p=5182"},"modified":"2019-10-03T15:14:21","modified_gmt":"2019-10-03T18:14:21","slug":"el-editor-general-del-washington-post-digital-diserto-en-la-semana-cultural","status":"publish","type":"post","link":"https:\/\/filo.unt.edu.ar\/noticias\/2019\/09\/18\/el-editor-general-del-washington-post-digital-diserto-en-la-semana-cultural\/","title":{"rendered":"El Editor General del Washington Post Digital disert\u00f3 en la Semana Cultural"},"content":{"rendered":"<div id=\"pl-5182\"  class=\"panel-layout\" ><div id=\"pg-5182-0\"  class=\"panel-grid panel-no-style\" ><div id=\"pgc-5182-0-0\"  class=\"panel-grid-cell\" ><div id=\"panel-5182-0-0-0\" class=\"so-panel widget widget_black-studio-tinymce widget_black_studio_tinymce panel-first-child panel-last-child\" data-index=\"0\" ><div class=\"textwidget\"><p>El martes 17, Emilio Garc\u00eda Ruiz, Editor General del Washington Post Digital, ofreci\u00f3 la Clase Magistral \"La transformaci\u00f3n de las redacciones y el valor de las tecnolog\u00edas aplicada a las noticias\", en el marco de la Jornada de Innovaci\u00f3n, Tecnolog\u00eda y Periodismo - ITP 2019. Esta fue otra de las actividades de la Semana Cultural de la Facultad y fue organizada por la C\u00e1tedra de Periodismo de la Carrera de Ciencias de la Comunicaci\u00f3n y la empresa Telecom.<\/p>\n<p>La Decana, Mercedes Leal, y el Profesor Ricardo Boccos (c\u00e1tedra de Periodismo), dieron la bienvenida al p\u00fablico y al prestigioso invitado y destacaron la importancia que tiene para los y las estudiantes, el intercambio de ideas con profesionales de la comunicaci\u00f3n que forman parte de medios de la envergadura del Washington Post.<\/p>\n<p>De una manera amena y con una permanente interacci\u00f3n con el p\u00fablico, el disertante desarroll\u00f3 algunos conceptos acerca del trabajo del periodista en el marco de los avances tecnol\u00f3gicos y las posibilidades que estos brindan a la profesi\u00f3n, afirmando que el periodismo est\u00e1 viviendo un momento hist\u00f3rico \u00fanico de la humanidad porque tiene formas de trabajar que nunca se han tenido antes y \"podemos hacer historias mucho mejores\". Destac\u00f3 entonces las grandes ventajas, pero tambi\u00e9n advirti\u00f3 sobre los riesgos que los nuevos entornos comunicacionales pueden acarrear, como por ejemplo el uso de algoritmos para crear \"deepfake\". En este sentido, puso en el centro de la labor period\u00edstica y su \u00e9tica profesional la b\u00fasqueda de la verdad.<\/p>\n<p>Terminada la charla se abri\u00f3 un espacio de di\u00e1logo en el que las y los estudiantes aprovecharon la 'expertise' del disertante.<\/p>\n<p><strong><span style=\"text-decoration: underline\"><a href=\"https:\/\/www.facebook.com\/pg\/filount\/photos\/?tab=album&amp;album_id=987295611606312\" target=\"_blank\" rel=\"noopener\">Ver Fotos<\/a><\/span><\/strong><\/p>\n<p>&nbsp;<\/p>\n<\/div><\/div><\/div><\/div><\/div>","protected":false},"excerpt":{"rendered":"<p>El martes 17, Emilio Garc\u00eda Ruiz, Editor General del Washington Post Digital, ofreci\u00f3 la Clase Magistral &#8220;La transformaci\u00f3n de las redacciones y el valor de las tecnolog\u00edas aplicada a las noticias&#8221;, en el marco de la Jornada de Innovaci\u00f3n, Tecnolog\u00eda y Periodismo &#8211; ITP 2019. Esta fue otra de las [&hellip;]<\/p>\n","protected":false},"author":3,"featured_media":5183,"comment_status":"closed","ping_status":"closed","sticky":false,"template":"","format":"standard","meta":{"footnotes":""},"categories":[16,8,13],"tags":[],"class_list":{"0":"post-5182","1":"post","2":"type-post","3":"status-publish","4":"format-standard","5":"has-post-thumbnail","6":"hentry","7":"category-espacio-cultural","8":"category-eventos-academicos","9":"category-semana-cultural","11":"post-with-thumbnail","12":"post-with-thumbnail-large"},"_links":{"self":[{"href":"https:\/\/filo.unt.edu.ar\/noticias\/wp-json\/wp\/v2\/posts\/5182","targetHints":{"allow":["GET"]}}],"collection":[{"href":"https:\/\/filo.unt.edu.ar\/noticias\/wp-json\/wp\/v2\/posts"}],"about":[{"href":"https:\/\/filo.unt.edu.ar\/noticias\/wp-json\/wp\/v2\/types\/post"}],"author":[{"embeddable":true,"href":"https:\/\/filo.unt.edu.ar\/noticias\/wp-json\/wp\/v2\/users\/3"}],"replies":[{"embeddable":true,"href":"https:\/\/filo.unt.edu.ar\/noticias\/wp-json\/wp\/v2\/comments?post=5182"}],"version-history":[{"count":4,"href":"https:\/\/filo.unt.edu.ar\/noticias\/wp-json\/wp\/v2\/posts\/5182\/revisions"}],"predecessor-version":[{"id":5233,"href":"https:\/\/filo.unt.edu.ar\/noticias\/wp-json\/wp\/v2\/posts\/5182\/revisions\/5233"}],"wp:featuredmedia":[{"embeddable":true,"href":"https:\/\/filo.unt.edu.ar\/noticias\/wp-json\/wp\/v2\/media\/5183"}],"wp:attachment":[{"href":"https:\/\/filo.unt.edu.ar\/noticias\/wp-json\/wp\/v2\/media?parent=5182"}],"wp:term":[{"taxonomy":"category","embeddable":true,"href":"https:\/\/filo.unt.edu.ar\/noticias\/wp-json\/wp\/v2\/categories?post=5182"},{"taxonomy":"post_tag","embeddable":true,"href":"https:\/\/filo.unt.edu.ar\/noticias\/wp-json\/wp\/v2\/tags?post=5182"}],"curies":[{"name":"wp","href":"https:\/\/api.w.org\/{rel}","templated":true}]}}