{"id":5031,"date":"2019-08-07T11:19:44","date_gmt":"2019-08-07T14:19:44","guid":{"rendered":"http:\/\/filo.unt.edu.ar\/noticias\/?p=5031"},"modified":"2019-08-22T11:38:13","modified_gmt":"2019-08-22T14:38:13","slug":"x-encuentro-de-tejedores-del-valle-calchaqui","status":"publish","type":"post","link":"https:\/\/filo.unt.edu.ar\/noticias\/2019\/08\/07\/x-encuentro-de-tejedores-del-valle-calchaqui\/","title":{"rendered":"X Encuentro de Tejedores del Valle Calchaqu\u00ed"},"content":{"rendered":"<p>Durante los d\u00edas 2, 3 y 4 de agosto, se llev\u00f3 a cabo el X Encuentro de Tejedores del Valle Calchaqu\u00ed <em>Tejiendo nuestra identidad<\/em>, en Amaicha del Valle. La actividad estuvo organizada conjuntamente por la Cooperativa &#8220;La Pachamama&#8221;, las C\u00e1tedras de &#8220;Historia Ind\u00edgena&#8221; y &#8220;Trabajo Social y Antropolog\u00eda Social y Cultural&#8221;, el Proyecto PIUNT \u201cMemorias, identidad, interculturalidad y Estado: estudios comparados\u201d, la C\u00e1tedra Libre \u201cPueblos Originarios\u201d y el Instituto de Rescate y Revalorizaci\u00f3n del Patrimonio Cultural (CERPACU) de nuestra Facultad.<\/p>\n<p>&#8220;Para cada encuentro, se plantea la modalidad de talleres, cuya din\u00e1mica permite que cada asociaci\u00f3n y cooperativa intercambie conocimientos respecto a t\u00e9cnicas, hilado y te\u00f1ido. As\u00ed, se transforma en\u00a0un espacio de coincidencia y divergencia de saberes, de experiencias y sobre todo, el encuentro con la identidad.<strong>\u00a0<\/strong>Este espacio permite por un lado, recuperar y valorar el patrimonio cultural de nuestro Valle Calchaqu\u00ed, y por otro, repensar y resignificar esta pr\u00e1ctica a trav\u00e9s de este encuentro generacional&#8221;, cuenta Olga Sulca,\u00a0historiadora, Magister en Ciencias Sociales, integrante de la C\u00e1tedra Libre de Pueblos Originarios y una de las organizadoras del evento.<\/p>\n<p>El prop\u00f3sito fue festejar 10 a\u00f1os de continuidad de la revalorizaci\u00f3n de un patrimonio cultural propio como es el tejido en el Valle Calchaqu\u00ed, cuyas ra\u00edces milenarias y aprendizajes intergeneracionales, unidos en una trama social, contribuyen al fortalecimiento de una identidad propia. Esto se vio reflejado en la elaboraci\u00f3n de un \u201cTextil Comunitario\u201d, construido por quienes asistieron.<\/p>\n<p>El encuentro hunde sus ra\u00edces en un proyecto que se desarroll\u00f3 en el 2004, cuando desde las\u00a0C\u00e1tedras de Prehistoria y Pueblos Originarios\u00a0correspondientes a la carrera de\u00a0Historia, se interrogaban acerca de la persistencia de t\u00e9cnicas textiles ancestrales y c\u00f3mo el tejido de nuestro Valle Calchaqu\u00ed hab\u00eda dado respuestas a los cambios de la modernidad, a trav\u00e9s de su resignificaci\u00f3n y resistencia.<\/p>\n<p><a href=\"https:\/\/www.facebook.com\/filount\/photos\/?tab=album&amp;album_id=957433104592563\" target=\"_blank\" rel=\"noopener\">Ver Fotos.-<\/a><\/p>\n","protected":false},"excerpt":{"rendered":"<p>Durante los d\u00edas 2, 3 y 4 de agosto, se llev\u00f3 a cabo el X Encuentro de Tejedores del Valle Calchaqu\u00ed Tejiendo nuestra identidad, en Amaicha del Valle. La actividad estuvo organizada conjuntamente por la Cooperativa &#8220;La Pachamama&#8221;, las C\u00e1tedras de &#8220;Historia Ind\u00edgena&#8221; y &#8220;Trabajo Social y Antropolog\u00eda Social y [&hellip;]<\/p>\n","protected":false},"author":101013,"featured_media":5033,"comment_status":"closed","ping_status":"closed","sticky":false,"template":"","format":"standard","meta":{"footnotes":""},"categories":[6],"tags":[],"class_list":{"0":"post-5031","1":"post","2":"type-post","3":"status-publish","4":"format-standard","5":"has-post-thumbnail","6":"hentry","7":"category-extension","9":"post-with-thumbnail","10":"post-with-thumbnail-large"},"_links":{"self":[{"href":"https:\/\/filo.unt.edu.ar\/noticias\/wp-json\/wp\/v2\/posts\/5031","targetHints":{"allow":["GET"]}}],"collection":[{"href":"https:\/\/filo.unt.edu.ar\/noticias\/wp-json\/wp\/v2\/posts"}],"about":[{"href":"https:\/\/filo.unt.edu.ar\/noticias\/wp-json\/wp\/v2\/types\/post"}],"author":[{"embeddable":true,"href":"https:\/\/filo.unt.edu.ar\/noticias\/wp-json\/wp\/v2\/users\/101013"}],"replies":[{"embeddable":true,"href":"https:\/\/filo.unt.edu.ar\/noticias\/wp-json\/wp\/v2\/comments?post=5031"}],"version-history":[{"count":4,"href":"https:\/\/filo.unt.edu.ar\/noticias\/wp-json\/wp\/v2\/posts\/5031\/revisions"}],"predecessor-version":[{"id":5040,"href":"https:\/\/filo.unt.edu.ar\/noticias\/wp-json\/wp\/v2\/posts\/5031\/revisions\/5040"}],"wp:featuredmedia":[{"embeddable":true,"href":"https:\/\/filo.unt.edu.ar\/noticias\/wp-json\/wp\/v2\/media\/5033"}],"wp:attachment":[{"href":"https:\/\/filo.unt.edu.ar\/noticias\/wp-json\/wp\/v2\/media?parent=5031"}],"wp:term":[{"taxonomy":"category","embeddable":true,"href":"https:\/\/filo.unt.edu.ar\/noticias\/wp-json\/wp\/v2\/categories?post=5031"},{"taxonomy":"post_tag","embeddable":true,"href":"https:\/\/filo.unt.edu.ar\/noticias\/wp-json\/wp\/v2\/tags?post=5031"}],"curies":[{"name":"wp","href":"https:\/\/api.w.org\/{rel}","templated":true}]}}