{"id":4967,"date":"2019-07-08T11:09:40","date_gmt":"2019-07-08T14:09:40","guid":{"rendered":"http:\/\/filo.unt.edu.ar\/noticias\/?p=4967"},"modified":"2019-08-02T11:17:29","modified_gmt":"2019-08-02T14:17:29","slug":"redescubriendo-a-claude-bernard","status":"publish","type":"post","link":"https:\/\/filo.unt.edu.ar\/noticias\/2019\/07\/08\/redescubriendo-a-claude-bernard\/","title":{"rendered":"Redescubriendo a Claude Bernard"},"content":{"rendered":"<p>El Instituto de Epistemolog\u00eda organiz\u00f3 una nueva Charla Abierta acerca de Claude Bernard el pasado 5 de Julio, a cargo de la Dra. Abigail Prchal y del Dr. Jes\u00fas Alberto Zeballos.<\/p>\n<p>En su exposici\u00f3n, ambos especialistas afirmaron que &#8220;Claude Bernard (1813-1878)\u00a0 ocupa un merecido lugar en la historia de las Ciencias Biom\u00e9dicas. Sus principales hallazgos (la funci\u00f3n glucog\u00e9nica del h\u00edgado, los nervios vasomotores, la utilizaci\u00f3n de sustancias t\u00f3xicas para disecar funciones, el medio interno), fueron acontecimientos cient\u00edficos m\u00e1s que suficientes para que su nombre quedara en la historia de las ciencias biom\u00e9dicas. Claude Bernard crea la fisiolog\u00eda como disciplina independiente y la dota con un programa de investigaci\u00f3n que se ha mantenido vigente hasta nuestros d\u00edas. Por otra parte, Claude Bernard es quien instaura el m\u00e9todo experimental como forma necesaria de investigaci\u00f3n y quien establece las leyes del m\u00e9todo.&#8221;<\/p>\n<p>&#8220;Sin lugar a dudas, su contribuci\u00f3n m\u00e1s importantes se halla en el libro <em>Introducci\u00f3n a la medicina experimental<\/em> de 1865. All\u00ed, Bernard sistematiza la metodolog\u00eda experimental y funda el programa de investigaci\u00f3n para la Fisiolog\u00eda. A pesar de ser un tratado de neto corte epistemol\u00f3gico, las contribuciones de Bernard han sido relativamente poco estudiadas por la Filosof\u00eda de la Ciencias. Por ello nos pareci\u00f3 que podr\u00eda tener alguna relevancia volver a este libro en el que postula algunas ideas que adelantan, en casi un siglo, los postulados del c\u00edrculo de Viena y de Karl Popper&#8221;, concluyeron.<\/p>\n<p><a href=\"https:\/\/www.facebook.com\/filount\/photos\/?tab=album&amp;album_id=937952553207285\" target=\"_blank\" rel=\"noopener\">Ver Fotos.-<\/a><\/p>\n","protected":false},"excerpt":{"rendered":"<p>El Instituto de Epistemolog\u00eda organiz\u00f3 una nueva Charla Abierta acerca de Claude Bernard el pasado 5 de Julio, a cargo de la Dra. Abigail Prchal y del Dr. Jes\u00fas Alberto Zeballos. En su exposici\u00f3n, ambos especialistas afirmaron que &#8220;Claude Bernard (1813-1878)\u00a0 ocupa un merecido lugar en la historia de las [&hellip;]<\/p>\n","protected":false},"author":101013,"featured_media":4970,"comment_status":"closed","ping_status":"closed","sticky":false,"template":"","format":"standard","meta":{"footnotes":""},"categories":[8],"tags":[],"class_list":{"0":"post-4967","1":"post","2":"type-post","3":"status-publish","4":"format-standard","5":"has-post-thumbnail","6":"hentry","7":"category-eventos-academicos","9":"post-with-thumbnail","10":"post-with-thumbnail-large"},"_links":{"self":[{"href":"https:\/\/filo.unt.edu.ar\/noticias\/wp-json\/wp\/v2\/posts\/4967","targetHints":{"allow":["GET"]}}],"collection":[{"href":"https:\/\/filo.unt.edu.ar\/noticias\/wp-json\/wp\/v2\/posts"}],"about":[{"href":"https:\/\/filo.unt.edu.ar\/noticias\/wp-json\/wp\/v2\/types\/post"}],"author":[{"embeddable":true,"href":"https:\/\/filo.unt.edu.ar\/noticias\/wp-json\/wp\/v2\/users\/101013"}],"replies":[{"embeddable":true,"href":"https:\/\/filo.unt.edu.ar\/noticias\/wp-json\/wp\/v2\/comments?post=4967"}],"version-history":[{"count":5,"href":"https:\/\/filo.unt.edu.ar\/noticias\/wp-json\/wp\/v2\/posts\/4967\/revisions"}],"predecessor-version":[{"id":5008,"href":"https:\/\/filo.unt.edu.ar\/noticias\/wp-json\/wp\/v2\/posts\/4967\/revisions\/5008"}],"wp:featuredmedia":[{"embeddable":true,"href":"https:\/\/filo.unt.edu.ar\/noticias\/wp-json\/wp\/v2\/media\/4970"}],"wp:attachment":[{"href":"https:\/\/filo.unt.edu.ar\/noticias\/wp-json\/wp\/v2\/media?parent=4967"}],"wp:term":[{"taxonomy":"category","embeddable":true,"href":"https:\/\/filo.unt.edu.ar\/noticias\/wp-json\/wp\/v2\/categories?post=4967"},{"taxonomy":"post_tag","embeddable":true,"href":"https:\/\/filo.unt.edu.ar\/noticias\/wp-json\/wp\/v2\/tags?post=4967"}],"curies":[{"name":"wp","href":"https:\/\/api.w.org\/{rel}","templated":true}]}}