{"id":496,"date":"2016-09-28T15:16:22","date_gmt":"2016-09-28T18:16:22","guid":{"rendered":"http:\/\/filo.unt.edu.ar\/noticias\/?p=496"},"modified":"2016-10-03T11:53:30","modified_gmt":"2016-10-03T14:53:30","slug":"vi-jornadas-de-estudiantes-de-ingles","status":"publish","type":"post","link":"https:\/\/filo.unt.edu.ar\/noticias\/2016\/09\/28\/vi-jornadas-de-estudiantes-de-ingles\/","title":{"rendered":"VI Jornadas de Estudiantes de Ingl\u00e9s"},"content":{"rendered":"<div id=\"pl-496\"  class=\"panel-layout\"><div id=\"pg-496-0\"  class=\"panel-grid panel-no-style\"><div id=\"pgc-496-0-0\"  class=\"panel-grid-cell\"><div id=\"panel-496-0-0-0\" class=\"so-panel widget widget_black-studio-tinymce widget_black_studio_tinymce panel-first-child panel-last-child\" data-index=\"0\"><div class=\"textwidget\"><p>Del 22 al 23 de septiembre, alumnos de la carrera de Ingl\u00e9s organizaron las <em>VI Jornadas de Estudiantes de Ingl\u00e9s<\/em>. En ese marco, adem\u00e1s, los estudiantes realizaron el Homenaje \u201cLos Profesores de nuestros Profesores\u201d en el que se record\u00f3 y rindi\u00f3 tributo a los docentes que pasaron por el Departamento desde su creaci\u00f3n.<br \/> <\/p><\/div><\/div><\/div><\/div><\/div><p><a class=\"more-link\" href=\"https:\/\/filo.unt.edu.ar\/noticias\/2016\/09\/28\/vi-jornadas-de-estudiantes-de-ingles\/\">Continuar leyendo<span class=\"meta-nav\">&rarr;<\/span><\/a><\/p>","protected":false},"excerpt":{"rendered":"<p>Del 22 al 23 de septiembre, alumnos de la carrera de Ingl\u00e9s organizaron las VI Jornadas de Estudiantes de Ingl\u00e9s. En ese marco, adem\u00e1s, los estudiantes realizaron el Homenaje \u201cLos Profesores de nuestros Profesores\u201d en el que se record\u00f3 y rindi\u00f3 tributo a los docentes que pasaron por el Departamento [&hellip;]<\/p>\n","protected":false},"author":3,"featured_media":507,"comment_status":"closed","ping_status":"closed","sticky":false,"template":"","format":"standard","meta":{"footnotes":""},"categories":[8,13],"tags":[],"class_list":{"0":"post-496","1":"post","2":"type-post","3":"status-publish","4":"format-standard","5":"has-post-thumbnail","6":"hentry","7":"category-eventos-academicos","8":"category-semana-cultural","10":"post-with-thumbnail","11":"post-with-thumbnail-large"},"_links":{"self":[{"href":"https:\/\/filo.unt.edu.ar\/noticias\/wp-json\/wp\/v2\/posts\/496","targetHints":{"allow":["GET"]}}],"collection":[{"href":"https:\/\/filo.unt.edu.ar\/noticias\/wp-json\/wp\/v2\/posts"}],"about":[{"href":"https:\/\/filo.unt.edu.ar\/noticias\/wp-json\/wp\/v2\/types\/post"}],"author":[{"embeddable":true,"href":"https:\/\/filo.unt.edu.ar\/noticias\/wp-json\/wp\/v2\/users\/3"}],"replies":[{"embeddable":true,"href":"https:\/\/filo.unt.edu.ar\/noticias\/wp-json\/wp\/v2\/comments?post=496"}],"version-history":[{"count":8,"href":"https:\/\/filo.unt.edu.ar\/noticias\/wp-json\/wp\/v2\/posts\/496\/revisions"}],"predecessor-version":[{"id":553,"href":"https:\/\/filo.unt.edu.ar\/noticias\/wp-json\/wp\/v2\/posts\/496\/revisions\/553"}],"wp:featuredmedia":[{"embeddable":true,"href":"https:\/\/filo.unt.edu.ar\/noticias\/wp-json\/wp\/v2\/media\/507"}],"wp:attachment":[{"href":"https:\/\/filo.unt.edu.ar\/noticias\/wp-json\/wp\/v2\/media?parent=496"}],"wp:term":[{"taxonomy":"category","embeddable":true,"href":"https:\/\/filo.unt.edu.ar\/noticias\/wp-json\/wp\/v2\/categories?post=496"},{"taxonomy":"post_tag","embeddable":true,"href":"https:\/\/filo.unt.edu.ar\/noticias\/wp-json\/wp\/v2\/tags?post=496"}],"curies":[{"name":"wp","href":"https:\/\/api.w.org\/{rel}","templated":true}]}}