{"id":4953,"date":"2019-07-04T11:05:59","date_gmt":"2019-07-04T14:05:59","guid":{"rendered":"http:\/\/filo.unt.edu.ar\/noticias\/?p=4953"},"modified":"2019-08-02T11:10:45","modified_gmt":"2019-08-02T14:10:45","slug":"clase-abierta-introduccion-al-capitalismo-de-plataformas","status":"publish","type":"post","link":"https:\/\/filo.unt.edu.ar\/noticias\/2019\/07\/04\/clase-abierta-introduccion-al-capitalismo-de-plataformas\/","title":{"rendered":"Clase Abierta: introducci\u00f3n al Capitalismo de Plataformas"},"content":{"rendered":"<p>El 1 de julio, la c\u00e1tedra de Publicidad de la Carrera de Ciencias de la Comunicaci\u00f3n de nuestra Facultad llev\u00f3 a cabo una clase abierta destinada a estudiantes donde se analizaron los planteos realizados por Nick Srnicek en su libro &#8220;Capitalismo de Plataformas&#8221;.<\/p>\n<p>La clase introductoria al pensamiento Srnicek estuvo a cargo del Prof. Fabi\u00e1n Silva Molina, titular de la c\u00e1tedra, y fue ejemplificada con publicidades por parte del equipo docente (Prof. Gustavo Saientz, Prof. Ileana Dulout y Prof. Rodrigo Sabra).\u00a0 <em>Capitalismo de Plataformas<\/em>\u00a0es un libro acerca del tiempo contempor\u00e1neo y los avatares que plantean las tecnolog\u00edas emergentes: plataformas, big data, fabricaci\u00f3n aditiva, rob\u00f3tica avanzada, aprendizaje autom\u00e1tico [machine-learning] y la Internet de las cosas.<\/p>\n<p>&#8220;Esperamos seguir brindando estos espacios extracurriculares, aportando informaci\u00f3n necesaria para la formaci\u00f3n universitaria y seguir contando con el inter\u00e9s de los estudiantes&#8221;, sostuvieron desde la c\u00e1tedra.<\/p>\n<p><a href=\"https:\/\/www.facebook.com\/PublicidadUNT\/posts\/2172817092840459\" target=\"_blank\" rel=\"noopener\">VER FOTOS.-<\/a><\/p>\n","protected":false},"excerpt":{"rendered":"<p>El 1 de julio, la c\u00e1tedra de Publicidad de la Carrera de Ciencias de la Comunicaci\u00f3n de nuestra Facultad llev\u00f3 a cabo una clase abierta destinada a estudiantes donde se analizaron los planteos realizados por Nick Srnicek en su libro &#8220;Capitalismo de Plataformas&#8221;. La clase introductoria al pensamiento Srnicek estuvo [&hellip;]<\/p>\n","protected":false},"author":101021,"featured_media":4954,"comment_status":"closed","ping_status":"closed","sticky":false,"template":"","format":"standard","meta":{"footnotes":""},"categories":[8],"tags":[],"class_list":{"0":"post-4953","1":"post","2":"type-post","3":"status-publish","4":"format-standard","5":"has-post-thumbnail","6":"hentry","7":"category-eventos-academicos","9":"post-with-thumbnail","10":"post-with-thumbnail-large"},"_links":{"self":[{"href":"https:\/\/filo.unt.edu.ar\/noticias\/wp-json\/wp\/v2\/posts\/4953","targetHints":{"allow":["GET"]}}],"collection":[{"href":"https:\/\/filo.unt.edu.ar\/noticias\/wp-json\/wp\/v2\/posts"}],"about":[{"href":"https:\/\/filo.unt.edu.ar\/noticias\/wp-json\/wp\/v2\/types\/post"}],"author":[{"embeddable":true,"href":"https:\/\/filo.unt.edu.ar\/noticias\/wp-json\/wp\/v2\/users\/101021"}],"replies":[{"embeddable":true,"href":"https:\/\/filo.unt.edu.ar\/noticias\/wp-json\/wp\/v2\/comments?post=4953"}],"version-history":[{"count":7,"href":"https:\/\/filo.unt.edu.ar\/noticias\/wp-json\/wp\/v2\/posts\/4953\/revisions"}],"predecessor-version":[{"id":5004,"href":"https:\/\/filo.unt.edu.ar\/noticias\/wp-json\/wp\/v2\/posts\/4953\/revisions\/5004"}],"wp:featuredmedia":[{"embeddable":true,"href":"https:\/\/filo.unt.edu.ar\/noticias\/wp-json\/wp\/v2\/media\/4954"}],"wp:attachment":[{"href":"https:\/\/filo.unt.edu.ar\/noticias\/wp-json\/wp\/v2\/media?parent=4953"}],"wp:term":[{"taxonomy":"category","embeddable":true,"href":"https:\/\/filo.unt.edu.ar\/noticias\/wp-json\/wp\/v2\/categories?post=4953"},{"taxonomy":"post_tag","embeddable":true,"href":"https:\/\/filo.unt.edu.ar\/noticias\/wp-json\/wp\/v2\/tags?post=4953"}],"curies":[{"name":"wp","href":"https:\/\/api.w.org\/{rel}","templated":true}]}}