{"id":4754,"date":"2019-05-05T15:12:18","date_gmt":"2019-05-05T18:12:18","guid":{"rendered":"http:\/\/filo.unt.edu.ar\/noticias\/?p=4754"},"modified":"2019-06-04T19:02:49","modified_gmt":"2019-06-04T22:02:49","slug":"conversatorio-sobre-la-aplicacion-del-derecho-derecho-indigena-en-bolivia","status":"publish","type":"post","link":"https:\/\/filo.unt.edu.ar\/noticias\/2019\/05\/05\/conversatorio-sobre-la-aplicacion-del-derecho-derecho-indigena-en-bolivia\/","title":{"rendered":"Conversatorio sobre la aplicaci\u00f3n del derecho ind\u00edgena en Bolivia"},"content":{"rendered":"<div id=\"pl-4754\"  class=\"panel-layout\" ><div id=\"pg-4754-0\"  class=\"panel-grid panel-no-style\" ><div id=\"pgc-4754-0-0\"  class=\"panel-grid-cell\" ><div id=\"panel-4754-0-0-0\" class=\"so-panel widget widget_black-studio-tinymce widget_black_studio_tinymce panel-first-child panel-last-child\" data-index=\"0\" ><div class=\"textwidget\"><p>El d\u00eda viernes 3 de mayo se realiz\u00f3 el conversatorio \"La construcci\u00f3n de nuevos paradigmas ind\u00edgenas en la educaci\u00f3n superior e investigaci\u00f3n (caso boliviano)\", organizado por la C\u00e1tedra Libre de los Pueblos Originarios y el Instituto de Rescate y Revalorizaci\u00f3n del Patrimonio Cultural (CERPACU).<\/p>\n<p>Estuvo a cargo del Prof. Dr. Yamil Adolfo Vera de la Universidad de San Andr\u00e9s del vecino pa\u00eds quien expuso c\u00f3mo en Bolivia se ha creado un<span class=\"text_exposed_show\">\u00a0doble sistema jur\u00eddico donde rige (en la zona urbana) el derecho positivo occidental y en las comunidades originarias, campesinas e ind\u00edgenas, el derecho ind\u00edgena. Esta experiencia cuenta, por un lado, con el respaldo constitucional de la naci\u00f3n boliviana y, por otro,\u00a0con el acad\u00e9mico mediante la creaci\u00f3n de carreras de grado y posgrado especializadas en derecho de las naciones de los pueblos originarios. <\/span><\/p>\n<p><span class=\"text_exposed_show\">El caso boliviano contado por el Dr. Vera suscit\u00f3 un interesante debate, m\u00e1s all\u00e1 de las cuestiones de las ciencias jur\u00eddicas, para reflexionar sobre todos los aspectos de la cultura de los pueblos originarios en nuestro pa\u00eds.<\/span><\/p>\n<p><a href=\"https:\/\/www.facebook.com\/filount\/photos\/pcb.897480610587813\/897478340588040\/?type=3&amp;theater\" target=\"_blank\" rel=\"noopener\">Ver Fotos.-<\/a><\/p>\n<\/div><\/div><\/div><\/div><\/div>","protected":false},"excerpt":{"rendered":"<p>El d\u00eda viernes 3 de mayo se realiz\u00f3 el conversatorio &#8220;La construcci\u00f3n de nuevos paradigmas ind\u00edgenas en la educaci\u00f3n superior e investigaci\u00f3n (caso boliviano)&#8221;, organizado por la C\u00e1tedra Libre de los Pueblos Originarios y el Instituto de Rescate y Revalorizaci\u00f3n del Patrimonio Cultural (CERPACU). Estuvo a cargo del Prof. Dr. [&hellip;]<\/p>\n","protected":false},"author":3,"featured_media":4755,"comment_status":"closed","ping_status":"closed","sticky":false,"template":"","format":"standard","meta":{"footnotes":""},"categories":[8,6],"tags":[],"class_list":{"0":"post-4754","1":"post","2":"type-post","3":"status-publish","4":"format-standard","5":"has-post-thumbnail","6":"hentry","7":"category-eventos-academicos","8":"category-extension","10":"post-with-thumbnail","11":"post-with-thumbnail-large"},"_links":{"self":[{"href":"https:\/\/filo.unt.edu.ar\/noticias\/wp-json\/wp\/v2\/posts\/4754","targetHints":{"allow":["GET"]}}],"collection":[{"href":"https:\/\/filo.unt.edu.ar\/noticias\/wp-json\/wp\/v2\/posts"}],"about":[{"href":"https:\/\/filo.unt.edu.ar\/noticias\/wp-json\/wp\/v2\/types\/post"}],"author":[{"embeddable":true,"href":"https:\/\/filo.unt.edu.ar\/noticias\/wp-json\/wp\/v2\/users\/3"}],"replies":[{"embeddable":true,"href":"https:\/\/filo.unt.edu.ar\/noticias\/wp-json\/wp\/v2\/comments?post=4754"}],"version-history":[{"count":5,"href":"https:\/\/filo.unt.edu.ar\/noticias\/wp-json\/wp\/v2\/posts\/4754\/revisions"}],"predecessor-version":[{"id":4829,"href":"https:\/\/filo.unt.edu.ar\/noticias\/wp-json\/wp\/v2\/posts\/4754\/revisions\/4829"}],"wp:featuredmedia":[{"embeddable":true,"href":"https:\/\/filo.unt.edu.ar\/noticias\/wp-json\/wp\/v2\/media\/4755"}],"wp:attachment":[{"href":"https:\/\/filo.unt.edu.ar\/noticias\/wp-json\/wp\/v2\/media?parent=4754"}],"wp:term":[{"taxonomy":"category","embeddable":true,"href":"https:\/\/filo.unt.edu.ar\/noticias\/wp-json\/wp\/v2\/categories?post=4754"},{"taxonomy":"post_tag","embeddable":true,"href":"https:\/\/filo.unt.edu.ar\/noticias\/wp-json\/wp\/v2\/tags?post=4754"}],"curies":[{"name":"wp","href":"https:\/\/api.w.org\/{rel}","templated":true}]}}