{"id":4720,"date":"2019-04-30T11:15:13","date_gmt":"2019-04-30T14:15:13","guid":{"rendered":"http:\/\/filo.unt.edu.ar\/noticias\/?p=4720"},"modified":"2019-05-03T12:44:34","modified_gmt":"2019-05-03T15:44:34","slug":"intensa-actividad-en-la-coordinacion-de-relaciones-internacionales","status":"publish","type":"post","link":"https:\/\/filo.unt.edu.ar\/noticias\/2019\/04\/30\/intensa-actividad-en-la-coordinacion-de-relaciones-internacionales\/","title":{"rendered":"Intensa actividad en la Coordinaci\u00f3n de Relaciones Internacionales"},"content":{"rendered":"<div id=\"pl-4720\"  class=\"panel-layout\" ><div id=\"pg-4720-0\"  class=\"panel-grid panel-no-style\" ><div id=\"pgc-4720-0-0\"  class=\"panel-grid-cell\" ><div id=\"panel-4720-0-0-0\" class=\"so-panel widget widget_sow-editor panel-first-child panel-last-child\" data-index=\"0\" ><div\n\t\t\t\n\t\t\tclass=\"so-widget-sow-editor so-widget-sow-editor-base\"\n\t\t\t\n\t\t>\n<div class=\"siteorigin-widget-tinymce textwidget\">\n\t<p><span style=\"font-size: 12pt\">La Coordinaci\u00f3n de Relaciones Internacionales de Filosof\u00eda y Letras tuvo una intensa actividad durante el mes de abril.<\/span><\/p>\n<p><span style=\"font-size: 12pt\">Por un lado, recibi\u00f3 a estudiantes y a un profesor de nuestra Casa que realizaron estad\u00edas de estudio en distintas Universidades del exterior;\u00a0 y por otro, organiz\u00f3 un \"desayuno internacional\", en el que participaron los miembros de la gesti\u00f3n, estudiantes de Francia y las asistentes de idioma de Fulbright y la DAAD.<\/span><\/p>\n<p><span style=\"font-size: 12pt\">Aprovechando las diversas experiencias de los becarios de nuestra Facultad en Universidades extranjeras, Relaciones Internacionales entrevist\u00f3 a\u00a0Agustina Ganami, de la carrera de Letras, que obtuvo la beca Friends of Fulbright; a Nicol\u00e1s Benzal, de la carrera de filosof\u00eda, que obtuvo la Beca DAAD, y particip\u00f3 del Curso de Invierno Lengua y Cultura Alemana; y al Licenciado Sergio Rodolfo Carrizo, Docente e investigador de la Universidad Nacional de Tucum\u00e1n (carrera de historia), que estuvo de intercambio mediante el Convenio UNT- UPTC (Universidad Pedag\u00f3gica y Tecnol\u00f3gica de Colombia).<\/span><\/p>\n<div><span style=\"font-size: 12pt\">Tambi\u00e9n\u00a0entrevist\u00f3 a Madeleine Edwards, de Estados Unidos, que se encuentra en nuestra Facultad como Asistente de idioma por Beca Fulbright y Ministerio de Educaci\u00f3n de la Naci\u00f3n.<\/span><\/div>\n<div><span style=\"font-size: 12pt\">\u00a0<\/span><\/div>\n<div><span style=\"font-size: 12pt\">Las entrevistas se encontrar\u00e1n a disposici\u00f3n en nuestras redes sociales a partir de mediados de mayo.<\/span><\/div>\n<p><span style=\"font-size: 12pt\">Recordamos que se encuentran on line la <a href=\"https:\/\/docs.google.com\/forms\/d\/e\/1FAIpQLSeDUT_2EXqpyuBeS0dsKPBoJLev0t8toT6xnMlHnJ5WU9dp_A\/viewform?vc=0&amp;c=0&amp;w=1\" target=\"_blank\" rel=\"noopener\">Encuesta Intercambios Estudiantes de Grado<\/a>; y la <a href=\"https:\/\/docs.google.com\/forms\/d\/e\/1FAIpQLSeKJMUrE6OvDYHUnxv-lTybsk7S-R5wsWIz2XK7VtqbFKjBEQ\/viewform?vc=0&amp;c=0&amp;w=1\" target=\"_blank\" rel=\"noopener\">Encuesta Intercambios Graduados<\/a>. Compartimos tambi\u00e9n el sitio de <a href=\"http:\/\/filo.unt.edu.ar\/relaciones-internacionales\/\" target=\"_blank\" rel=\"noopener\">Relaciones Internacionales<\/a> de nuestra Facultad y su <a href=\"https:\/\/www.facebook.com\/filount.internacionales\/\" target=\"_blank\" rel=\"noopener\">Fan Page<\/a>.<\/span><\/p>\n<p><span style=\"font-size: 12pt\"><a href=\"https:\/\/www.facebook.com\/filount.internacionales\/posts\/1007624169626684?__xts__%5B0%5D=68.ARCj8RlrB9kFfG-87SQ_otx_3RvLp41I6Ba599tJS-lTsYU4-UutX-UnpMai6dv3DM6iXebwNUqoQ0r45qATK8aC8-scqIwWpi8HBUzqABA9ne1tosTd2STLT4KkhfbiFoCkdIiCNyplL3wtU8BY7D_jag-P2y3dLauhGpoGks9EIge1RGWgU_vFDRSqOdQMjDGE7-2WQmVkvLtKzjToRycD2PFtDvDHEHweNVZvueBxO9vZYHpdypIppy2Tbg2qLuG-jkNWM1nnzj59U8sHybeZoLYVpUv2C8kCGtft0KSqSfbtEzrvFcdcWeVquROU_bl1GSNR8RSbyDIZ4iIAlBNvkA&amp;__tn__=-R\" target=\"_blank\" rel=\"noopener\">Ver Fotos Desayuno.-<\/a><\/span><\/p>\n<\/div>\n<\/div><\/div><\/div><\/div><div id=\"pg-4720-1\"  class=\"panel-grid panel-no-style\" ><div id=\"pgc-4720-1-0\"  class=\"panel-grid-cell\" ><div id=\"panel-4720-1-0-0\" class=\"so-panel widget widget_media_image panel-first-child panel-last-child\" data-index=\"1\" ><img loading=\"lazy\" decoding=\"async\" width=\"720\" height=\"480\" src=\"https:\/\/filo.unt.edu.ar\/noticias\/wp-content\/uploads\/sites\/74\/2019\/04\/IMG_9118-1620x1080.jpg\" class=\"image wp-image-4745  attachment-large size-large\" alt=\"\" style=\"max-width: 100%; height: auto;\" srcset=\"https:\/\/filo.unt.edu.ar\/noticias\/wp-content\/uploads\/sites\/74\/2019\/04\/IMG_9118-1620x1080.jpg 1620w, https:\/\/filo.unt.edu.ar\/noticias\/wp-content\/uploads\/sites\/74\/2019\/04\/IMG_9118-300x200.jpg 300w, https:\/\/filo.unt.edu.ar\/noticias\/wp-content\/uploads\/sites\/74\/2019\/04\/IMG_9118-768x512.jpg 768w, https:\/\/filo.unt.edu.ar\/noticias\/wp-content\/uploads\/sites\/74\/2019\/04\/IMG_9118-600x400.jpg 600w, https:\/\/filo.unt.edu.ar\/noticias\/wp-content\/uploads\/sites\/74\/2019\/04\/IMG_9118-272x182.jpg 272w\" sizes=\"auto, (max-width: 720px) 100vw, 720px\" \/><\/div><\/div><div id=\"pgc-4720-1-1\"  class=\"panel-grid-cell\" ><div id=\"panel-4720-1-1-0\" class=\"so-panel widget widget_media_image panel-first-child panel-last-child\" data-index=\"2\" ><img loading=\"lazy\" decoding=\"async\" width=\"225\" height=\"300\" src=\"https:\/\/filo.unt.edu.ar\/noticias\/wp-content\/uploads\/sites\/74\/2019\/04\/WhatsApp-Image-2019-05-03-at-12.21.09-225x300.jpeg\" class=\"image wp-image-4748  attachment-medium size-medium\" alt=\"\" style=\"max-width: 100%; height: auto;\" srcset=\"https:\/\/filo.unt.edu.ar\/noticias\/wp-content\/uploads\/sites\/74\/2019\/04\/WhatsApp-Image-2019-05-03-at-12.21.09-225x300.jpeg 225w, https:\/\/filo.unt.edu.ar\/noticias\/wp-content\/uploads\/sites\/74\/2019\/04\/WhatsApp-Image-2019-05-03-at-12.21.09-768x1024.jpeg 768w, https:\/\/filo.unt.edu.ar\/noticias\/wp-content\/uploads\/sites\/74\/2019\/04\/WhatsApp-Image-2019-05-03-at-12.21.09-810x1080.jpeg 810w, https:\/\/filo.unt.edu.ar\/noticias\/wp-content\/uploads\/sites\/74\/2019\/04\/WhatsApp-Image-2019-05-03-at-12.21.09-600x800.jpeg 600w, https:\/\/filo.unt.edu.ar\/noticias\/wp-content\/uploads\/sites\/74\/2019\/04\/WhatsApp-Image-2019-05-03-at-12.21.09.jpeg 960w\" sizes=\"auto, (max-width: 225px) 100vw, 225px\" \/><\/div><\/div><\/div><\/div>","protected":false},"excerpt":{"rendered":"<p>La Coordinaci\u00f3n de Relaciones Internacionales de Filosof\u00eda y Letras tuvo una intensa actividad durante el mes de abril. Por un lado, recibi\u00f3 a estudiantes y a un profesor de nuestra Casa que realizaron estad\u00edas de estudio en distintas Universidades del exterior;\u00a0 y por otro, organiz\u00f3 un &#8220;desayuno internacional&#8221;, en el [&hellip;]<\/p>\n","protected":false},"author":101013,"featured_media":4743,"comment_status":"closed","ping_status":"closed","sticky":false,"template":"","format":"standard","meta":{"footnotes":""},"categories":[14,8,6,12],"tags":[],"class_list":{"0":"post-4720","1":"post","2":"type-post","3":"status-publish","4":"format-standard","5":"has-post-thumbnail","6":"hentry","7":"category-destacadas","8":"category-eventos-academicos","9":"category-extension","10":"category-gestion","12":"post-with-thumbnail","13":"post-with-thumbnail-large"},"_links":{"self":[{"href":"https:\/\/filo.unt.edu.ar\/noticias\/wp-json\/wp\/v2\/posts\/4720","targetHints":{"allow":["GET"]}}],"collection":[{"href":"https:\/\/filo.unt.edu.ar\/noticias\/wp-json\/wp\/v2\/posts"}],"about":[{"href":"https:\/\/filo.unt.edu.ar\/noticias\/wp-json\/wp\/v2\/types\/post"}],"author":[{"embeddable":true,"href":"https:\/\/filo.unt.edu.ar\/noticias\/wp-json\/wp\/v2\/users\/101013"}],"replies":[{"embeddable":true,"href":"https:\/\/filo.unt.edu.ar\/noticias\/wp-json\/wp\/v2\/comments?post=4720"}],"version-history":[{"count":9,"href":"https:\/\/filo.unt.edu.ar\/noticias\/wp-json\/wp\/v2\/posts\/4720\/revisions"}],"predecessor-version":[{"id":4746,"href":"https:\/\/filo.unt.edu.ar\/noticias\/wp-json\/wp\/v2\/posts\/4720\/revisions\/4746"}],"wp:featuredmedia":[{"embeddable":true,"href":"https:\/\/filo.unt.edu.ar\/noticias\/wp-json\/wp\/v2\/media\/4743"}],"wp:attachment":[{"href":"https:\/\/filo.unt.edu.ar\/noticias\/wp-json\/wp\/v2\/media?parent=4720"}],"wp:term":[{"taxonomy":"category","embeddable":true,"href":"https:\/\/filo.unt.edu.ar\/noticias\/wp-json\/wp\/v2\/categories?post=4720"},{"taxonomy":"post_tag","embeddable":true,"href":"https:\/\/filo.unt.edu.ar\/noticias\/wp-json\/wp\/v2\/tags?post=4720"}],"curies":[{"name":"wp","href":"https:\/\/api.w.org\/{rel}","templated":true}]}}