{"id":4708,"date":"2019-04-08T12:46:58","date_gmt":"2019-04-08T15:46:58","guid":{"rendered":"http:\/\/filo.unt.edu.ar\/noticias\/?p=4708"},"modified":"2019-05-03T11:19:56","modified_gmt":"2019-05-03T14:19:56","slug":"primera-colacion-de-grado-y-posgrado-del-ano-2019","status":"publish","type":"post","link":"https:\/\/filo.unt.edu.ar\/noticias\/2019\/04\/08\/primera-colacion-de-grado-y-posgrado-del-ano-2019\/","title":{"rendered":"Primera Colaci\u00f3n de Grado y Posgrado del a\u00f1o 2019"},"content":{"rendered":"<p><span style=\"font-family: georgia, palatino, serif;font-size: 12pt\">El viernes 5 de abril\u00a0 se realiz\u00f3 la primera colaci\u00f3n de grado del 2019 en el Espacio Cultural de nuestra Facultad.\u00a0En la oportunidad, se entregaron m\u00e1s de cuarenta t\u00edtulos, aproximadamente treinta de grado y diez de posgrado.<\/span><\/p>\n<p><span style=\"font-family: georgia, palatino, serif;font-size: 12pt\">La Lic. en Trabajo Social Lourdes Varela brind\u00f3 el\u00a0discurso en representaci\u00f3n de los egresados de carreras de grado, mientras que el discurso para los egresados de posgrado lo dio la Mg. Norma Ben Altabef, Secretaria de Posgrado e Investigaci\u00f3n de la Facultad.<\/span><\/p>\n<p><span style=\"font-family: georgia, palatino, serif;font-size: 12pt\">Por \u00faltimo, la Dra Mercedes Leal, Decana de nuestra Casa de Estudios, emiti\u00f3 un discurso en el que resalt\u00f3 la importancia de la educaci\u00f3n p\u00fablica y gratuita, entre otros temas.<\/span><\/p>\n<p><span style=\"font-family: georgia, palatino, serif;font-size: 12pt\"><a href=\"https:\/\/www.facebook.com\/pg\/filount\/photos\/?tab=album&amp;album_id=879028642433010\" target=\"_blank\" rel=\"noopener\">VER FOTOS.-<\/a><\/span><\/p>\n","protected":false},"excerpt":{"rendered":"<p>El viernes 5 de abril\u00a0 se realiz\u00f3 la primera colaci\u00f3n de grado del 2019 en el Espacio Cultural de nuestra Facultad.\u00a0En la oportunidad, se entregaron m\u00e1s de cuarenta t\u00edtulos, aproximadamente treinta de grado y diez de posgrado. La Lic. en Trabajo Social Lourdes Varela brind\u00f3 el\u00a0discurso en representaci\u00f3n de los [&hellip;]<\/p>\n","protected":false},"author":101021,"featured_media":4709,"comment_status":"closed","ping_status":"closed","sticky":false,"template":"","format":"standard","meta":{"footnotes":""},"categories":[16,8],"tags":[],"class_list":{"0":"post-4708","1":"post","2":"type-post","3":"status-publish","4":"format-standard","5":"has-post-thumbnail","6":"hentry","7":"category-espacio-cultural","8":"category-eventos-academicos","10":"post-with-thumbnail","11":"post-with-thumbnail-large"},"_links":{"self":[{"href":"https:\/\/filo.unt.edu.ar\/noticias\/wp-json\/wp\/v2\/posts\/4708","targetHints":{"allow":["GET"]}}],"collection":[{"href":"https:\/\/filo.unt.edu.ar\/noticias\/wp-json\/wp\/v2\/posts"}],"about":[{"href":"https:\/\/filo.unt.edu.ar\/noticias\/wp-json\/wp\/v2\/types\/post"}],"author":[{"embeddable":true,"href":"https:\/\/filo.unt.edu.ar\/noticias\/wp-json\/wp\/v2\/users\/101021"}],"replies":[{"embeddable":true,"href":"https:\/\/filo.unt.edu.ar\/noticias\/wp-json\/wp\/v2\/comments?post=4708"}],"version-history":[{"count":6,"href":"https:\/\/filo.unt.edu.ar\/noticias\/wp-json\/wp\/v2\/posts\/4708\/revisions"}],"predecessor-version":[{"id":4729,"href":"https:\/\/filo.unt.edu.ar\/noticias\/wp-json\/wp\/v2\/posts\/4708\/revisions\/4729"}],"wp:featuredmedia":[{"embeddable":true,"href":"https:\/\/filo.unt.edu.ar\/noticias\/wp-json\/wp\/v2\/media\/4709"}],"wp:attachment":[{"href":"https:\/\/filo.unt.edu.ar\/noticias\/wp-json\/wp\/v2\/media?parent=4708"}],"wp:term":[{"taxonomy":"category","embeddable":true,"href":"https:\/\/filo.unt.edu.ar\/noticias\/wp-json\/wp\/v2\/categories?post=4708"},{"taxonomy":"post_tag","embeddable":true,"href":"https:\/\/filo.unt.edu.ar\/noticias\/wp-json\/wp\/v2\/tags?post=4708"}],"curies":[{"name":"wp","href":"https:\/\/api.w.org\/{rel}","templated":true}]}}