{"id":4701,"date":"2019-04-15T09:31:51","date_gmt":"2019-04-15T12:31:51","guid":{"rendered":"http:\/\/filo.unt.edu.ar\/noticias\/?p=4701"},"modified":"2019-05-03T10:40:07","modified_gmt":"2019-05-03T13:40:07","slug":"ii-simposio-ciudadania-y-resistencias-apuestas-y-desafios","status":"publish","type":"post","link":"https:\/\/filo.unt.edu.ar\/noticias\/2019\/04\/15\/ii-simposio-ciudadania-y-resistencias-apuestas-y-desafios\/","title":{"rendered":"II Simposio Ciudadan\u00eda y resistencias: apuestas y desaf\u00edos,"},"content":{"rendered":"<div id=\"pl-4701\"  class=\"panel-layout\" ><div id=\"pg-4701-0\"  class=\"panel-grid panel-no-style\" ><div id=\"pgc-4701-0-0\"  class=\"panel-grid-cell\" ><div id=\"panel-4701-0-0-0\" class=\"so-panel widget widget_black-studio-tinymce widget_black_studio_tinymce panel-first-child panel-last-child\" data-index=\"0\" ><div class=\"textwidget\"><p><span style=\"font-family: georgia, palatino, serif;font-size: 12pt\">Entre el 11 y 12 de abril se llev\u00f3 a cabo el <strong>II Simposio Ciudadan\u00eda y resistencias: apuestas y desaf\u00edos<\/strong>, organizado por el Centro de Estudios Modernos, a trav\u00e9s del PIUNT <em>Dimensiones de la ciudadan\u00eda en el contexto del pensamiento democr\u00e1tico y republicano. <\/em>El encuentro fue en\u00a0la Residencia Universitaria de Horco Molle y tuvo el objetivo de generar un espacio de encuentro entre docentes-investigadores que pertenecen a proyectos de investigaci\u00f3n de diversas universidades nacionales del pa\u00eds, cuyas tem\u00e1ticas abordan, desde diferentes perspectivas el tema propuesto para esta reuni\u00f3n.<\/span><\/p>\n<p><span style=\"font-family: georgia, palatino, serif;font-size: 12pt\">Cont\u00f3 con la participaci\u00f3n de docentes investigadores de las Universidades Nacionales de Tucum\u00e1n, Catamarca, C\u00f3rdoba, Buenos Aires y General Sarmiento y con la asistencia de estudiantes pertenecientes a las distintas carreras de nuestra Facultad, que durante las dos jornadas tuvieron la oportunidad de participar en los debates propuestos.<\/span><\/p>\n<p><span style=\"font-family: georgia, palatino, serif;font-size: 12pt\">El tema de la relaci\u00f3n entre ciudadan\u00eda y resistencias fue tratado desde diversas e interesantes perspectivas: desde su formulaci\u00f3n en la historia y la filosof\u00eda modernas hasta abordajes con categor\u00edas propias del pensamiento contempor\u00e1neo. Los debates abordaron cuestiones vinculadas a la educaci\u00f3n, la cultura, g\u00e9nero y feminismo, los derechos humanos, y la impronta del neoliberalismo en las sociedades actuales, entre otros. Esa diversidad de abordajes, desde marcos te\u00f3ricos y experienciales distintos permiti\u00f3 abrir un espacio para pensar, debatir y reflexionar acerca de los problemas m\u00e1s acuciantes que hoy desaf\u00eda a la ciudadan\u00eda en nuestra regi\u00f3n.<\/span><\/p>\n<p><span style=\"font-family: georgia, palatino, serif;font-size: 12pt\">Sin duda, uno de los puntos a destacar del encuentro es el lugar activo y comprometido que ocupa a estos proyectos de investigaci\u00f3n en filosof\u00eda a la hora de recoger, para su conceptualizaci\u00f3n y proyecciones, los problemas pol\u00edticos, sociales y culturales de nuestro tiempo. La reuni\u00f3n se caracteriz\u00f3 por el desarrollo de una reflexi\u00f3n situada, permitiendo aportar herramientas para comprender mejor la realidad que nos rodea e intervenir en ella para transformarla.<\/span><\/p>\n<p><span style=\"font-family: georgia, palatino, serif;font-size: 12pt\"><a href=\"https:\/\/www.facebook.com\/pg\/filount\/photos\/?tab=album&amp;album_id=884671501868724\" target=\"_blank\" rel=\"noopener\">Ver fotos.-<\/a><\/span><\/p>\n<\/div><\/div><\/div><\/div><\/div>","protected":false},"excerpt":{"rendered":"<p>Entre el 11 y 12 de abril se llev\u00f3 a cabo el II Simposio Ciudadan\u00eda y resistencias: apuestas y desaf\u00edos, organizado por el Centro de Estudios Modernos, a trav\u00e9s del PIUNT Dimensiones de la ciudadan\u00eda en el contexto del pensamiento democr\u00e1tico y republicano. El encuentro fue en\u00a0la Residencia Universitaria de [&hellip;]<\/p>\n","protected":false},"author":3,"featured_media":4702,"comment_status":"closed","ping_status":"closed","sticky":false,"template":"","format":"standard","meta":{"footnotes":""},"categories":[8],"tags":[],"class_list":{"0":"post-4701","1":"post","2":"type-post","3":"status-publish","4":"format-standard","5":"has-post-thumbnail","6":"hentry","7":"category-eventos-academicos","9":"post-with-thumbnail","10":"post-with-thumbnail-large"},"_links":{"self":[{"href":"https:\/\/filo.unt.edu.ar\/noticias\/wp-json\/wp\/v2\/posts\/4701","targetHints":{"allow":["GET"]}}],"collection":[{"href":"https:\/\/filo.unt.edu.ar\/noticias\/wp-json\/wp\/v2\/posts"}],"about":[{"href":"https:\/\/filo.unt.edu.ar\/noticias\/wp-json\/wp\/v2\/types\/post"}],"author":[{"embeddable":true,"href":"https:\/\/filo.unt.edu.ar\/noticias\/wp-json\/wp\/v2\/users\/3"}],"replies":[{"embeddable":true,"href":"https:\/\/filo.unt.edu.ar\/noticias\/wp-json\/wp\/v2\/comments?post=4701"}],"version-history":[{"count":2,"href":"https:\/\/filo.unt.edu.ar\/noticias\/wp-json\/wp\/v2\/posts\/4701\/revisions"}],"predecessor-version":[{"id":4727,"href":"https:\/\/filo.unt.edu.ar\/noticias\/wp-json\/wp\/v2\/posts\/4701\/revisions\/4727"}],"wp:featuredmedia":[{"embeddable":true,"href":"https:\/\/filo.unt.edu.ar\/noticias\/wp-json\/wp\/v2\/media\/4702"}],"wp:attachment":[{"href":"https:\/\/filo.unt.edu.ar\/noticias\/wp-json\/wp\/v2\/media?parent=4701"}],"wp:term":[{"taxonomy":"category","embeddable":true,"href":"https:\/\/filo.unt.edu.ar\/noticias\/wp-json\/wp\/v2\/categories?post=4701"},{"taxonomy":"post_tag","embeddable":true,"href":"https:\/\/filo.unt.edu.ar\/noticias\/wp-json\/wp\/v2\/tags?post=4701"}],"curies":[{"name":"wp","href":"https:\/\/api.w.org\/{rel}","templated":true}]}}