{"id":4693,"date":"2019-03-28T08:58:13","date_gmt":"2019-03-28T11:58:13","guid":{"rendered":"http:\/\/filo.unt.edu.ar\/noticias\/?p=4693"},"modified":"2019-04-05T13:58:44","modified_gmt":"2019-04-05T16:58:44","slug":"primera-jornada-de-acompanamiento-a-las-trayectorias-para-estudiantes-de-planes-prorrogados","status":"publish","type":"post","link":"https:\/\/filo.unt.edu.ar\/noticias\/2019\/03\/28\/primera-jornada-de-acompanamiento-a-las-trayectorias-para-estudiantes-de-planes-prorrogados\/","title":{"rendered":"Primera Jornada de Acompa\u00f1amiento a las Trayectorias para Estudiantes de Planes Prorrogados"},"content":{"rendered":"<p>El lunes 25 de marzo, en el Espacio Cultural de nuestra Facultad, se realiz\u00f3 la Primera Jornada de Acompa\u00f1amiento a las Trayectorias para Estudiantes de Planes Prorrogados.<\/p>\n<p>Con muy buena convocatoria, la Jornada comenz\u00f3 con la apertura de la Decana, Dra. Mercedes Leal, quien habl\u00f3 del alcance de esta pr\u00f3rroga y la voluntad de la gesti\u00f3n de acompa\u00f1ar a los estudiantes prorrogados a lo largo de todo el ciclo lectivo para que puedan culminar sus estudios.<\/p>\n<p>Este acompa\u00f1amiento se inscribe en el Programa de Mejoramiento del Grado Universitario que la Facultad ha implementado y cuenta con el apoyo de los respectivos Departamentos, tanto los docentes, como sus Directores estuvieron tambi\u00e9n presentes. <\/p>\n<p>A continuaci\u00f3n, la Mg. en Ciencias de la Educaci\u00f3n, Gladys Caram, desarroll\u00f3 ideas en torno al significado de trayectorias acad\u00e9micas y acompa\u00f1amiento, aportando al marco conceptual de estas Jornadas.<\/p>\n<p>La segunda parte del encuentro consisti\u00f3 en un trabajo por carreras en base a un cuestionario, actividad que fue tomada de manera provechosa por los asistentes.<\/p>\n<p><a href=\"https:\/\/www.facebook.com\/media\/set\/?set=a.872594069743134&amp;type=3&amp;__xts__%5B0%5D=68.ARDIvDVu2VUP2elmI9UK7QpL0DWG6y_Jsr2qxbHTwEPUDeZBcgtpjYtQFTg1JwJSDypGV89pAwSSNAgsun9mz4_1Naso0Rdu1n_C2widWxM22uW_t7FTV9j-fnh1wMslA8EX6t3au9saJe-OTN4K1W_824WFYttqiKaizkbQc8azkKNznnCvdc01PQxcUGAJCsdRz_u2MltDNjthxKg7QgwedNTDWLrb6nE1RxunEQj-RydFwVEinGDEs85udMXf6UX_XPbT31v3fjcLpAs9ihsr1z5b6p0ea4loUVSp4tVNElCz3GQLIHL3bn5ofedEGhzWyT8U1y3G2jA3tgVHUdC3ZnzQ-TskMN9MiFRH5AcqdLtONMp8ig7ebfZLGpaAvJqMiNERpxBNtpSutxhWaVtK1XafatMcD2amxYRVwQ015xeP-nvq_3Zczj88yWaPqafoJpz3aUKf45wblw&amp;__tn__=-UC-R\" rel=\"noopener\" target=\"_blank\">Ver Fotos.-<\/a><\/p>\n","protected":false},"excerpt":{"rendered":"<p>El lunes 25 de marzo, en el Espacio Cultural de nuestra Facultad, se realiz\u00f3 la Primera Jornada de Acompa\u00f1amiento a las Trayectorias para Estudiantes de Planes Prorrogados. Con muy buena convocatoria, la Jornada comenz\u00f3 con la apertura de la Decana, Dra. Mercedes Leal, quien habl\u00f3 del alcance de esta pr\u00f3rroga [&hellip;]<\/p>\n","protected":false},"author":101013,"featured_media":4694,"comment_status":"closed","ping_status":"closed","sticky":false,"template":"","format":"standard","meta":{"footnotes":""},"categories":[8,12],"tags":[],"class_list":{"0":"post-4693","1":"post","2":"type-post","3":"status-publish","4":"format-standard","5":"has-post-thumbnail","6":"hentry","7":"category-eventos-academicos","8":"category-gestion","10":"post-with-thumbnail","11":"post-with-thumbnail-large"},"_links":{"self":[{"href":"https:\/\/filo.unt.edu.ar\/noticias\/wp-json\/wp\/v2\/posts\/4693","targetHints":{"allow":["GET"]}}],"collection":[{"href":"https:\/\/filo.unt.edu.ar\/noticias\/wp-json\/wp\/v2\/posts"}],"about":[{"href":"https:\/\/filo.unt.edu.ar\/noticias\/wp-json\/wp\/v2\/types\/post"}],"author":[{"embeddable":true,"href":"https:\/\/filo.unt.edu.ar\/noticias\/wp-json\/wp\/v2\/users\/101013"}],"replies":[{"embeddable":true,"href":"https:\/\/filo.unt.edu.ar\/noticias\/wp-json\/wp\/v2\/comments?post=4693"}],"version-history":[{"count":2,"href":"https:\/\/filo.unt.edu.ar\/noticias\/wp-json\/wp\/v2\/posts\/4693\/revisions"}],"predecessor-version":[{"id":4696,"href":"https:\/\/filo.unt.edu.ar\/noticias\/wp-json\/wp\/v2\/posts\/4693\/revisions\/4696"}],"wp:featuredmedia":[{"embeddable":true,"href":"https:\/\/filo.unt.edu.ar\/noticias\/wp-json\/wp\/v2\/media\/4694"}],"wp:attachment":[{"href":"https:\/\/filo.unt.edu.ar\/noticias\/wp-json\/wp\/v2\/media?parent=4693"}],"wp:term":[{"taxonomy":"category","embeddable":true,"href":"https:\/\/filo.unt.edu.ar\/noticias\/wp-json\/wp\/v2\/categories?post=4693"},{"taxonomy":"post_tag","embeddable":true,"href":"https:\/\/filo.unt.edu.ar\/noticias\/wp-json\/wp\/v2\/tags?post=4693"}],"curies":[{"name":"wp","href":"https:\/\/api.w.org\/{rel}","templated":true}]}}