{"id":4689,"date":"2019-03-30T08:19:28","date_gmt":"2019-03-30T11:19:28","guid":{"rendered":"http:\/\/filo.unt.edu.ar\/noticias\/?p=4689"},"modified":"2019-04-05T14:12:38","modified_gmt":"2019-04-05T17:12:38","slug":"finalizo-el-curso-de-iniciacion-a-la-vida-universitaria","status":"publish","type":"post","link":"https:\/\/filo.unt.edu.ar\/noticias\/2019\/03\/30\/finalizo-el-curso-de-iniciacion-a-la-vida-universitaria\/","title":{"rendered":"Finaliz\u00f3 el Curso de Iniciaci\u00f3n a la Vida Universitaria"},"content":{"rendered":"<p>Entre el 18 de febrero y el 26 de marzo, se llev\u00f3 a cabo el Curso de Iniciaci\u00f3n a la Vida Universitaria, con la participaci\u00f3n de alrededor de 1500 ingresantes.<\/p>\n<p>La Secretaria de Coordinaci\u00f3n y Fortalecimiento del Grado, Mg. N\u00e9lida \u00c1ngela Sibaldi, se encuentra a cargo de este Curso y nos cuenta que &#8220;es un espacio que Filosof\u00eda y Letras viene implementando a lo largo de toda la gesti\u00f3n. Cada a\u00f1o va tomando m\u00e1s fuerza y una t\u00f3nica interesante. Con este Curso nos proponemos comenzar el acompa\u00f1amiento a la vida universitaria de los estudiantes poniendo en contacto a los futuros alumnos con los docentes de las distintas carreras, que tengan actividades para mejorar las competencias que traen de sus estudios secundarios. El Curso de Iniciaci\u00f3n a la Vida Universitaria ya est\u00e1 instalado en la Comunidad educativa.&#8221;<\/p>\n<p><a href=\"https:\/\/www.facebook.com\/filount\/videos\/350209942282849\/\" target=\"_blank\" rel=\"noopener\">Ver Video.-<\/a><br \/>\n<a href=\"https:\/\/www.facebook.com\/media\/set\/?set=a.878800129122528&amp;type=3&amp;__xts__%5B0%5D=68.ARBwpZqDbo1Fx_cqooFy2_3-a5RRMWfkJz-tVAVZHI63iSWEAZ0_91Z47zbPyaTQ4Bi47mPD8Uf1CllC9v27T-ObN0XgiQezQkiYJYNPbv_7TBejpBZ1Sq0_yMzKwvm4kpiAoIlfOgvtsNvsM6RoggFmblhaqGulqcDmA4avKxxvpqrXjdWnRyKEDDP-WDL3JsE0V0tWK3pvZJI44butXoMP0IG9B-oUkcUT_s2KV7_pBI3iY8J3fFOasMp9W1fLoUWX29SC6JDVwYNkBVB2WR5Ptb5_QIe-sT8EjoxT3G9YC1ijbT8wwswj8LU9JOANE2Wa3AsY9hRbhg9cewAwLfhXXVOXW1HXd5uDRZM5QwINGGLSUHH8cp_1nDkLZeufULJXhKKjHA0qBMOTvemhMFJ5O_Mj-aYVqApnaSD2TyPtc5iPd22Ko6Lzu8MjOIVIJlREKWcgkPYKanRO_A&amp;__tn__=-UC-R\" target=\"_blank\" rel=\"noopener\">Ver Fotos Curso de Iniciaci\u00f3n a la Vida Universitaria.-<\/a><\/p>\n","protected":false},"excerpt":{"rendered":"<p>Entre el 18 de febrero y el 26 de marzo, se llev\u00f3 a cabo el Curso de Iniciaci\u00f3n a la Vida Universitaria, con la participaci\u00f3n de alrededor de 1500 ingresantes. La Secretaria de Coordinaci\u00f3n y Fortalecimiento del Grado, Mg. N\u00e9lida \u00c1ngela Sibaldi, se encuentra a cargo de este Curso y [&hellip;]<\/p>\n","protected":false},"author":101013,"featured_media":4691,"comment_status":"closed","ping_status":"closed","sticky":false,"template":"","format":"standard","meta":{"footnotes":""},"categories":[8,12],"tags":[],"class_list":{"0":"post-4689","1":"post","2":"type-post","3":"status-publish","4":"format-standard","5":"has-post-thumbnail","6":"hentry","7":"category-eventos-academicos","8":"category-gestion","10":"post-with-thumbnail","11":"post-with-thumbnail-large"},"_links":{"self":[{"href":"https:\/\/filo.unt.edu.ar\/noticias\/wp-json\/wp\/v2\/posts\/4689","targetHints":{"allow":["GET"]}}],"collection":[{"href":"https:\/\/filo.unt.edu.ar\/noticias\/wp-json\/wp\/v2\/posts"}],"about":[{"href":"https:\/\/filo.unt.edu.ar\/noticias\/wp-json\/wp\/v2\/types\/post"}],"author":[{"embeddable":true,"href":"https:\/\/filo.unt.edu.ar\/noticias\/wp-json\/wp\/v2\/users\/101013"}],"replies":[{"embeddable":true,"href":"https:\/\/filo.unt.edu.ar\/noticias\/wp-json\/wp\/v2\/comments?post=4689"}],"version-history":[{"count":3,"href":"https:\/\/filo.unt.edu.ar\/noticias\/wp-json\/wp\/v2\/posts\/4689\/revisions"}],"predecessor-version":[{"id":4697,"href":"https:\/\/filo.unt.edu.ar\/noticias\/wp-json\/wp\/v2\/posts\/4689\/revisions\/4697"}],"wp:featuredmedia":[{"embeddable":true,"href":"https:\/\/filo.unt.edu.ar\/noticias\/wp-json\/wp\/v2\/media\/4691"}],"wp:attachment":[{"href":"https:\/\/filo.unt.edu.ar\/noticias\/wp-json\/wp\/v2\/media?parent=4689"}],"wp:term":[{"taxonomy":"category","embeddable":true,"href":"https:\/\/filo.unt.edu.ar\/noticias\/wp-json\/wp\/v2\/categories?post=4689"},{"taxonomy":"post_tag","embeddable":true,"href":"https:\/\/filo.unt.edu.ar\/noticias\/wp-json\/wp\/v2\/tags?post=4689"}],"curies":[{"name":"wp","href":"https:\/\/api.w.org\/{rel}","templated":true}]}}