{"id":466,"date":"2016-09-28T14:15:25","date_gmt":"2016-09-28T17:15:25","guid":{"rendered":"http:\/\/filo.unt.edu.ar\/noticias\/?p=466"},"modified":"2016-10-03T11:54:25","modified_gmt":"2016-10-03T14:54:25","slug":"xvii-jornadas-de-filosofia-del-noa","status":"publish","type":"post","link":"https:\/\/filo.unt.edu.ar\/noticias\/2016\/09\/28\/xvii-jornadas-de-filosofia-del-noa\/","title":{"rendered":"XVII Jornadas de Filosof\u00eda del NOA"},"content":{"rendered":"<div id=\"pl-466\"  class=\"panel-layout\"><div id=\"pg-466-0\"  class=\"panel-grid panel-no-style\"><div id=\"pgc-466-0-0\"  class=\"panel-grid-cell\"><div id=\"panel-466-0-0-0\" class=\"so-panel widget widget_black-studio-tinymce widget_black_studio_tinymce panel-first-child panel-last-child\" data-index=\"0\"><div class=\"textwidget\"><p>Organizadas por el Departamento de Filosof\u00eda , el 22 y 23 se llevaron a cabo las <em>XVII Jornadas de Filosof\u00eda del NOA<\/em><em>. Filosof\u00eda y raz\u00f3n cr\u00edtica en el Bicentenario.\u00a0<\/em><br \/> <\/p><\/div><\/div><\/div><\/div><\/div><p><a class=\"more-link\" href=\"https:\/\/filo.unt.edu.ar\/noticias\/2016\/09\/28\/xvii-jornadas-de-filosofia-del-noa\/\">Continuar leyendo<span class=\"meta-nav\">&rarr;<\/span><\/a><\/p>","protected":false},"excerpt":{"rendered":"<p>Organizadas por el Departamento de Filosof\u00eda , el 22 y 23 se llevaron a cabo las XVII Jornadas de Filosof\u00eda del NOA. Filosof\u00eda y raz\u00f3n cr\u00edtica en el Bicentenario.\u00a0 El acto de apertura estuvo presidido por el Vicedecano, Mg. Santiago Bliss y la Directora del Departamento, Dra. Ruth Ramasco quien, [&hellip;]<\/p>\n","protected":false},"author":3,"featured_media":518,"comment_status":"closed","ping_status":"closed","sticky":false,"template":"","format":"standard","meta":{"footnotes":""},"categories":[8,13],"tags":[],"class_list":{"0":"post-466","1":"post","2":"type-post","3":"status-publish","4":"format-standard","5":"has-post-thumbnail","6":"hentry","7":"category-eventos-academicos","8":"category-semana-cultural","10":"post-with-thumbnail","11":"post-with-thumbnail-large"},"_links":{"self":[{"href":"https:\/\/filo.unt.edu.ar\/noticias\/wp-json\/wp\/v2\/posts\/466","targetHints":{"allow":["GET"]}}],"collection":[{"href":"https:\/\/filo.unt.edu.ar\/noticias\/wp-json\/wp\/v2\/posts"}],"about":[{"href":"https:\/\/filo.unt.edu.ar\/noticias\/wp-json\/wp\/v2\/types\/post"}],"author":[{"embeddable":true,"href":"https:\/\/filo.unt.edu.ar\/noticias\/wp-json\/wp\/v2\/users\/3"}],"replies":[{"embeddable":true,"href":"https:\/\/filo.unt.edu.ar\/noticias\/wp-json\/wp\/v2\/comments?post=466"}],"version-history":[{"count":8,"href":"https:\/\/filo.unt.edu.ar\/noticias\/wp-json\/wp\/v2\/posts\/466\/revisions"}],"predecessor-version":[{"id":554,"href":"https:\/\/filo.unt.edu.ar\/noticias\/wp-json\/wp\/v2\/posts\/466\/revisions\/554"}],"wp:featuredmedia":[{"embeddable":true,"href":"https:\/\/filo.unt.edu.ar\/noticias\/wp-json\/wp\/v2\/media\/518"}],"wp:attachment":[{"href":"https:\/\/filo.unt.edu.ar\/noticias\/wp-json\/wp\/v2\/media?parent=466"}],"wp:term":[{"taxonomy":"category","embeddable":true,"href":"https:\/\/filo.unt.edu.ar\/noticias\/wp-json\/wp\/v2\/categories?post=466"},{"taxonomy":"post_tag","embeddable":true,"href":"https:\/\/filo.unt.edu.ar\/noticias\/wp-json\/wp\/v2\/tags?post=466"}],"curies":[{"name":"wp","href":"https:\/\/api.w.org\/{rel}","templated":true}]}}