{"id":4633,"date":"2019-03-28T10:43:13","date_gmt":"2019-03-28T13:43:13","guid":{"rendered":"http:\/\/filo.unt.edu.ar\/noticias\/?p=4633"},"modified":"2019-04-05T12:18:48","modified_gmt":"2019-04-05T15:18:48","slug":"el-codesoc-debatio-sobre-la-transversalizacion-de-la-perspectiva-de-genero","status":"publish","type":"post","link":"https:\/\/filo.unt.edu.ar\/noticias\/2019\/03\/28\/el-codesoc-debatio-sobre-la-transversalizacion-de-la-perspectiva-de-genero\/","title":{"rendered":"El CODESOC debati\u00f3 sobre la transversalizaci\u00f3n de la perspectiva de g\u00e9nero"},"content":{"rendered":"<div id=\"pl-4633\"  class=\"panel-layout\" ><div id=\"pg-4633-0\"  class=\"panel-grid panel-no-style\" ><div id=\"pgc-4633-0-0\"  class=\"panel-grid-cell\" ><div id=\"panel-4633-0-0-0\" class=\"so-panel widget widget_black-studio-tinymce widget_black_studio_tinymce panel-first-child panel-last-child\" data-index=\"0\" ><div class=\"textwidget\"><p>Con la participaci\u00f3n de decanos, decanas y referentes de g\u00e9nero de facultades de Ciencias Sociales de todo el pa\u00eds, el mi\u00e9rcoles 27 de marzo, se dio inicio en Rosario al primer encuentro sobre transversalizaci\u00f3n de la perspectiva de g\u00e9nero en las ciencias sociales.<\/p>\n<p>Organizado por CODESOC, el evento fue inaugurado por su presidenta, la decana de la Facultad de Filosof\u00eda y Letras de la UNT, Dra. Mercedes Leal, quien se refiri\u00f3 a la importancia de la tem\u00e1tica de g\u00e9nero y violencia: \"nos interpela como campo y este encuentro muestra el compromiso, no s\u00f3lo con resolver situaciones hacia adentro de las universidades, sino con un rol que combina pensamiento y acci\u00f3n de cara a la comunidad\".<\/p>\n<p>El decano de la Facultad de Ciencia Pol\u00edtica y Relaciones Internacionales de la Universidad de Rosario, Lic. Franco Bartolacci,\u00a0 destac\u00f3 la importancia de un compromiso genuino de las facultades de Ciencias Sociales en la construcci\u00f3n \"de una Universidad p\u00fablica feminista y diversa\".<\/p>\n<p>Luego, el Dr. N\u00e9stor Arti\u00f1ano,\u00a0 decano de la Facultad de Trabajo Social de la Universidad Nacional de La Plata, expuso una sistematizaci\u00f3n de informes enviados por 25 unidades acad\u00e9mica sobre los ejes de pol\u00edticas de g\u00e9nero en cada una de ellas. Destac\u00f3 la existencia de protocolos contra la violencia y distintas formas institucionales a trav\u00e9s de las que se incluye la tem\u00e1tica en la gesti\u00f3n de las facultades, los espacios de formaci\u00f3n, investigaci\u00f3n y extensi\u00f3n. Asimismo, destac\u00f3 algunos intentos de transversalizaci\u00f3n de la cuesti\u00f3n de g\u00e9nero en las curr\u00edculas.<\/p>\n<\/div><\/div><\/div><\/div><div id=\"pg-4633-1\"  class=\"panel-grid panel-no-style\" ><div id=\"pgc-4633-1-0\"  class=\"panel-grid-cell\" ><div id=\"panel-4633-1-0-0\" class=\"so-panel widget widget_black-studio-tinymce widget_black_studio_tinymce panel-first-child panel-last-child\" data-index=\"1\" ><div class=\"textwidget\"><p><img loading=\"lazy\" decoding=\"async\" class=\"alignnone size-medium wp-image-4636\" src=\"http:\/\/filo.unt.edu.ar\/noticias\/wp-content\/uploads\/sites\/74\/2019\/03\/WhatsApp-Image-2019-03-28-at-10.18.23-6-300x264.jpeg\" alt=\"\" width=\"300\" height=\"264\" srcset=\"https:\/\/filo.unt.edu.ar\/noticias\/wp-content\/uploads\/sites\/74\/2019\/03\/WhatsApp-Image-2019-03-28-at-10.18.23-6-300x264.jpeg 300w, https:\/\/filo.unt.edu.ar\/noticias\/wp-content\/uploads\/sites\/74\/2019\/03\/WhatsApp-Image-2019-03-28-at-10.18.23-6-768x676.jpeg 768w, https:\/\/filo.unt.edu.ar\/noticias\/wp-content\/uploads\/sites\/74\/2019\/03\/WhatsApp-Image-2019-03-28-at-10.18.23-6-1228x1080.jpeg 1228w, https:\/\/filo.unt.edu.ar\/noticias\/wp-content\/uploads\/sites\/74\/2019\/03\/WhatsApp-Image-2019-03-28-at-10.18.23-6-600x528.jpeg 600w, https:\/\/filo.unt.edu.ar\/noticias\/wp-content\/uploads\/sites\/74\/2019\/03\/WhatsApp-Image-2019-03-28-at-10.18.23-6.jpeg 1280w\" sizes=\"auto, (max-width: 300px) 100vw, 300px\" \/><\/p>\n<p>&nbsp;<\/p>\n<\/div><\/div><\/div><div id=\"pgc-4633-1-1\"  class=\"panel-grid-cell\" ><div id=\"panel-4633-1-1-0\" class=\"so-panel widget widget_black-studio-tinymce widget_black_studio_tinymce panel-first-child panel-last-child\" data-index=\"2\" ><div class=\"textwidget\"><p><img loading=\"lazy\" decoding=\"async\" class=\"alignnone size-medium wp-image-4637\" src=\"http:\/\/filo.unt.edu.ar\/noticias\/wp-content\/uploads\/sites\/74\/2019\/03\/WhatsApp-Image-2019-03-28-at-10.18.23-1-300x225.jpeg\" alt=\"\" width=\"300\" height=\"225\" srcset=\"https:\/\/filo.unt.edu.ar\/noticias\/wp-content\/uploads\/sites\/74\/2019\/03\/WhatsApp-Image-2019-03-28-at-10.18.23-1-300x225.jpeg 300w, https:\/\/filo.unt.edu.ar\/noticias\/wp-content\/uploads\/sites\/74\/2019\/03\/WhatsApp-Image-2019-03-28-at-10.18.23-1-768x576.jpeg 768w, https:\/\/filo.unt.edu.ar\/noticias\/wp-content\/uploads\/sites\/74\/2019\/03\/WhatsApp-Image-2019-03-28-at-10.18.23-1-600x450.jpeg 600w, https:\/\/filo.unt.edu.ar\/noticias\/wp-content\/uploads\/sites\/74\/2019\/03\/WhatsApp-Image-2019-03-28-at-10.18.23-1.jpeg 1280w\" sizes=\"auto, (max-width: 300px) 100vw, 300px\" \/><\/p>\n<\/div><\/div><\/div><\/div><\/div>","protected":false},"excerpt":{"rendered":"<p>Con la participaci\u00f3n de decanos, decanas y referentes de g\u00e9nero de facultades de Ciencias Sociales de todo el pa\u00eds, el mi\u00e9rcoles 27 de marzo, se dio inicio en Rosario al primer encuentro sobre transversalizaci\u00f3n de la perspectiva de g\u00e9nero en las ciencias sociales. Organizado por CODESOC, el evento fue inaugurado [&hellip;]<\/p>\n","protected":false},"author":3,"featured_media":4635,"comment_status":"closed","ping_status":"closed","sticky":false,"template":"","format":"standard","meta":{"footnotes":""},"categories":[6,12],"tags":[],"class_list":{"0":"post-4633","1":"post","2":"type-post","3":"status-publish","4":"format-standard","5":"has-post-thumbnail","6":"hentry","7":"category-extension","8":"category-gestion","10":"post-with-thumbnail","11":"post-with-thumbnail-large"},"_links":{"self":[{"href":"https:\/\/filo.unt.edu.ar\/noticias\/wp-json\/wp\/v2\/posts\/4633","targetHints":{"allow":["GET"]}}],"collection":[{"href":"https:\/\/filo.unt.edu.ar\/noticias\/wp-json\/wp\/v2\/posts"}],"about":[{"href":"https:\/\/filo.unt.edu.ar\/noticias\/wp-json\/wp\/v2\/types\/post"}],"author":[{"embeddable":true,"href":"https:\/\/filo.unt.edu.ar\/noticias\/wp-json\/wp\/v2\/users\/3"}],"replies":[{"embeddable":true,"href":"https:\/\/filo.unt.edu.ar\/noticias\/wp-json\/wp\/v2\/comments?post=4633"}],"version-history":[{"count":8,"href":"https:\/\/filo.unt.edu.ar\/noticias\/wp-json\/wp\/v2\/posts\/4633\/revisions"}],"predecessor-version":[{"id":4675,"href":"https:\/\/filo.unt.edu.ar\/noticias\/wp-json\/wp\/v2\/posts\/4633\/revisions\/4675"}],"wp:featuredmedia":[{"embeddable":true,"href":"https:\/\/filo.unt.edu.ar\/noticias\/wp-json\/wp\/v2\/media\/4635"}],"wp:attachment":[{"href":"https:\/\/filo.unt.edu.ar\/noticias\/wp-json\/wp\/v2\/media?parent=4633"}],"wp:term":[{"taxonomy":"category","embeddable":true,"href":"https:\/\/filo.unt.edu.ar\/noticias\/wp-json\/wp\/v2\/categories?post=4633"},{"taxonomy":"post_tag","embeddable":true,"href":"https:\/\/filo.unt.edu.ar\/noticias\/wp-json\/wp\/v2\/tags?post=4633"}],"curies":[{"name":"wp","href":"https:\/\/api.w.org\/{rel}","templated":true}]}}