{"id":4620,"date":"2019-02-27T17:14:39","date_gmt":"2019-02-27T20:14:39","guid":{"rendered":"http:\/\/filo.unt.edu.ar\/noticias\/?p=4620"},"modified":"2019-04-05T12:29:52","modified_gmt":"2019-04-05T15:29:52","slug":"comunicaciones-integradas-en-el-siglo-xxi-conversaciones-con-gerardo-blumenkrantz","status":"publish","type":"post","link":"https:\/\/filo.unt.edu.ar\/noticias\/2019\/02\/27\/comunicaciones-integradas-en-el-siglo-xxi-conversaciones-con-gerardo-blumenkrantz\/","title":{"rendered":"Comunicaciones Integradas en el Siglo XXI. Conversaciones con Gerardo Blumenkrantz"},"content":{"rendered":"<div id=\"pl-4620\"  class=\"panel-layout\" ><div id=\"pg-4620-0\"  class=\"panel-grid panel-no-style\" ><div id=\"pgc-4620-0-0\"  class=\"panel-grid-cell\" ><div id=\"panel-4620-0-0-0\" class=\"so-panel widget widget_black-studio-tinymce widget_black_studio_tinymce panel-first-child panel-last-child\" data-index=\"0\" ><div class=\"textwidget\"><p><span style=\"font-weight: 400\">El lunes 25 de febrero, la Facultad recibi\u00f3 la visita de Gerardo Blumenkrantz, Director de la Rama Creativa del Master en Branding y Comunicaciones Integradas del City College de la Universidad de la Ciudad de Nueva York. Estuvieron presentes el Rector de la UNT, Ing. Jos\u00e9 Garc\u00eda; el Vicerrector, Ing. Pagani; la Secretaria Acad\u00e9mica de la UNT, Dra. Abdala, autoridades de la Facultad y docentes de las carreras de Ciencias de la Comunicaci\u00f3n, Ciencias de la Educaci\u00f3n y de Trabajo social. Tambi\u00e9n participaron quienes est\u00e1n a cargo de la comunicaci\u00f3n institucional de las diversas \u00e1reas y facultades de la UNT. <\/span><\/p>\n<p><span style=\"font-weight: 400\">Con el eje puesto en las \"Comunicaciones integradas del siglo XXI\", se convers\u00f3 acerca de las complejas caracter\u00edsticas del escenario comunicacional actual y de cu\u00e1les son los modos m\u00e1s creativos de asegurar que nuestro mensaje llegue a destino, utilizando estrategias del marketing y la publicidad pero con fines sociales. Para esto, Blumenkrantz destac\u00f3 la importancia de formar profesionales que piensen las comunicaciones integradas de manera interdisciplinaria.<\/span><\/p>\n<p><span style=\"font-weight: 400\">Previamente, la decana y parte del equipo de gesti\u00f3n mantuvieron conversaciones con el invitado para establecer algunos acuerdos y pensar, de manera conjunta, posibles l\u00edneas de acci\u00f3n que permitan establecer lazos acad\u00e9micos entre docentes y alumnos de ambas instituciones.<\/span><\/p>\n<p>La visita del Blumenkrantz tuvo como marco la firma de un memorando que promueve la cooperaci\u00f3n entre el City College de la Ciudad de Nueva York y la UNT. Este es uno de los resultado del viaje que realiz\u00f3 el a\u00f1o pasado una comitiva de nuestra universidad, en la cual particip\u00f3 la Decana de Filosof\u00eda y Letras, junto al gobernador Juan Manzur; y representa un importante paso en los procesos de internacionalizaci\u00f3n de la Educaci\u00f3n Superior.<\/p>\n<p><a href=\"https:\/\/www.facebook.com\/pg\/filount\/photos\/?tab=album&amp;album_id=857257194610155\" target=\"_blank\" rel=\"noopener\">Ver Fotos<\/a><\/p>\n<\/div><\/div><\/div><\/div><\/div>","protected":false},"excerpt":{"rendered":"<p>El lunes 25 de febrero, la Facultad recibi\u00f3 la visita de Gerardo Blumenkrantz, Director de la Rama Creativa del Master en Branding y Comunicaciones Integradas del City College de la Universidad de la Ciudad de Nueva York. Estuvieron presentes el Rector de la UNT, Ing. Jos\u00e9 Garc\u00eda; el Vicerrector, Ing. [&hellip;]<\/p>\n","protected":false},"author":3,"featured_media":4626,"comment_status":"closed","ping_status":"closed","sticky":false,"template":"","format":"standard","meta":{"footnotes":""},"categories":[14,8,12],"tags":[],"class_list":{"0":"post-4620","1":"post","2":"type-post","3":"status-publish","4":"format-standard","5":"has-post-thumbnail","6":"hentry","7":"category-destacadas","8":"category-eventos-academicos","9":"category-gestion","11":"post-with-thumbnail","12":"post-with-thumbnail-large"},"_links":{"self":[{"href":"https:\/\/filo.unt.edu.ar\/noticias\/wp-json\/wp\/v2\/posts\/4620","targetHints":{"allow":["GET"]}}],"collection":[{"href":"https:\/\/filo.unt.edu.ar\/noticias\/wp-json\/wp\/v2\/posts"}],"about":[{"href":"https:\/\/filo.unt.edu.ar\/noticias\/wp-json\/wp\/v2\/types\/post"}],"author":[{"embeddable":true,"href":"https:\/\/filo.unt.edu.ar\/noticias\/wp-json\/wp\/v2\/users\/3"}],"replies":[{"embeddable":true,"href":"https:\/\/filo.unt.edu.ar\/noticias\/wp-json\/wp\/v2\/comments?post=4620"}],"version-history":[{"count":4,"href":"https:\/\/filo.unt.edu.ar\/noticias\/wp-json\/wp\/v2\/posts\/4620\/revisions"}],"predecessor-version":[{"id":4625,"href":"https:\/\/filo.unt.edu.ar\/noticias\/wp-json\/wp\/v2\/posts\/4620\/revisions\/4625"}],"wp:featuredmedia":[{"embeddable":true,"href":"https:\/\/filo.unt.edu.ar\/noticias\/wp-json\/wp\/v2\/media\/4626"}],"wp:attachment":[{"href":"https:\/\/filo.unt.edu.ar\/noticias\/wp-json\/wp\/v2\/media?parent=4620"}],"wp:term":[{"taxonomy":"category","embeddable":true,"href":"https:\/\/filo.unt.edu.ar\/noticias\/wp-json\/wp\/v2\/categories?post=4620"},{"taxonomy":"post_tag","embeddable":true,"href":"https:\/\/filo.unt.edu.ar\/noticias\/wp-json\/wp\/v2\/tags?post=4620"}],"curies":[{"name":"wp","href":"https:\/\/api.w.org\/{rel}","templated":true}]}}