{"id":4567,"date":"2018-12-14T10:04:59","date_gmt":"2018-12-14T13:04:59","guid":{"rendered":"http:\/\/filo.unt.edu.ar\/noticias\/?p=4567"},"modified":"2018-12-21T12:34:25","modified_gmt":"2018-12-21T15:34:25","slug":"vi-jornadas-de-estudiantes-sobre-problematicas-linguisticas","status":"publish","type":"post","link":"https:\/\/filo.unt.edu.ar\/noticias\/2018\/12\/14\/vi-jornadas-de-estudiantes-sobre-problematicas-linguisticas\/","title":{"rendered":"VI Jornadas de Estudiantes sobre Problem\u00e1ticas Ling\u00fc\u00edsticas"},"content":{"rendered":"<div id=\"pl-4567\"  class=\"panel-layout\" ><div id=\"pg-4567-0\"  class=\"panel-grid panel-no-style\" ><div id=\"pgc-4567-0-0\"  class=\"panel-grid-cell\" ><div id=\"panel-4567-0-0-0\" class=\"so-panel widget widget_black-studio-tinymce widget_black_studio_tinymce panel-first-child panel-last-child\" data-index=\"0\" ><div class=\"textwidget\"><p><span style=\"font-weight: 400\">El pasado 12 de diciembre se desarrollaron las <\/span><i><span style=\"font-weight: 400\">VI Jornadas de Estudiantes sobre Problem\u00e1ticas Ling\u00fc\u00edsticas,<\/span><\/i><span style=\"font-weight: 400\"> en la que los estudiantes que durante el 2018 cursaron <\/span><i><span style=\"font-weight: 400\">Ling\u00fc\u00edstica General I <\/span><\/i><span style=\"font-weight: 400\">abordaron temas ling\u00fc\u00edsticos con vigencia en nuestro contexto socio hist\u00f3rico \u00a0cultural.<\/span><\/p>\n<p><span style=\"font-weight: 400\">En un clima de di\u00e1logo y debate presentaron investigaciones que focalizaron en las relaciones de poder que pugnan en el lenguaje en diferentes contextos como as\u00ed tambi\u00e9n en las profundas vinculaciones entre el \u00a0lenguaje y la cultura desde una perspectiva antropol\u00f3gico-ling\u00fc\u00edstica.<\/span><\/p>\n<p><span style=\"font-weight: 400\">Los temas abordados dan cuenta de los intereses y preocupaciones de quienes se preparan para ser profesionales de la investigaci\u00f3n y la docencia: \u201c\u201cOrgullo\u201d, el signo ideol\u00f3gico que \u201clucha\u201d por salir del closet\u201d, \u201cEl bautismo en la FACDEF: \u00bfbienvenida universitaria o iniciaci\u00f3n sectaria?\u201d, \u201cLenguaje como signo ideol\u00f3gico\u201d, \u201cLenguaje y cultura en Huasa Pampa Sud\u201d, \u201cEstallido de colores: la lucha ideol\u00f3gica por el pa\u00f1uelo\u201d, \u201c\u201cLey Bullrich\u201d: lucha de voces\u201d y \u201cLa ESI: lo personal y lo sexual en la educaci\u00f3n como arena de lucha de clases\u201d. <\/span><\/p>\n<p><span style=\"font-weight: 400\">Las jornadas terminaron con un almuerzo de camarader\u00eda en el comedor universitario ubicado en la Facultad.<\/span><\/p>\n<p><a href=\"https:\/\/www.facebook.com\/254943048174909\/photos\/?tab=album&amp;album_id=809614049374470\" target=\"_blank\" rel=\"noopener\">Ver Fotos.-<\/a><\/p>\n<\/div><\/div><\/div><\/div><\/div>","protected":false},"excerpt":{"rendered":"<p>El pasado 12 de diciembre se desarrollaron las VI Jornadas de Estudiantes sobre Problem\u00e1ticas Ling\u00fc\u00edsticas, en la que los estudiantes que durante el 2018 cursaron Ling\u00fc\u00edstica General I abordaron temas ling\u00fc\u00edsticos con vigencia en nuestro contexto socio hist\u00f3rico \u00a0cultural. En un clima de di\u00e1logo y debate presentaron investigaciones que focalizaron [&hellip;]<\/p>\n","protected":false},"author":3,"featured_media":4580,"comment_status":"closed","ping_status":"closed","sticky":false,"template":"","format":"standard","meta":{"footnotes":""},"categories":[8],"tags":[],"class_list":{"0":"post-4567","1":"post","2":"type-post","3":"status-publish","4":"format-standard","5":"has-post-thumbnail","6":"hentry","7":"category-eventos-academicos","9":"post-with-thumbnail","10":"post-with-thumbnail-large"},"_links":{"self":[{"href":"https:\/\/filo.unt.edu.ar\/noticias\/wp-json\/wp\/v2\/posts\/4567","targetHints":{"allow":["GET"]}}],"collection":[{"href":"https:\/\/filo.unt.edu.ar\/noticias\/wp-json\/wp\/v2\/posts"}],"about":[{"href":"https:\/\/filo.unt.edu.ar\/noticias\/wp-json\/wp\/v2\/types\/post"}],"author":[{"embeddable":true,"href":"https:\/\/filo.unt.edu.ar\/noticias\/wp-json\/wp\/v2\/users\/3"}],"replies":[{"embeddable":true,"href":"https:\/\/filo.unt.edu.ar\/noticias\/wp-json\/wp\/v2\/comments?post=4567"}],"version-history":[{"count":3,"href":"https:\/\/filo.unt.edu.ar\/noticias\/wp-json\/wp\/v2\/posts\/4567\/revisions"}],"predecessor-version":[{"id":4579,"href":"https:\/\/filo.unt.edu.ar\/noticias\/wp-json\/wp\/v2\/posts\/4567\/revisions\/4579"}],"wp:featuredmedia":[{"embeddable":true,"href":"https:\/\/filo.unt.edu.ar\/noticias\/wp-json\/wp\/v2\/media\/4580"}],"wp:attachment":[{"href":"https:\/\/filo.unt.edu.ar\/noticias\/wp-json\/wp\/v2\/media?parent=4567"}],"wp:term":[{"taxonomy":"category","embeddable":true,"href":"https:\/\/filo.unt.edu.ar\/noticias\/wp-json\/wp\/v2\/categories?post=4567"},{"taxonomy":"post_tag","embeddable":true,"href":"https:\/\/filo.unt.edu.ar\/noticias\/wp-json\/wp\/v2\/tags?post=4567"}],"curies":[{"name":"wp","href":"https:\/\/api.w.org\/{rel}","templated":true}]}}