{"id":4536,"date":"2018-12-10T11:33:26","date_gmt":"2018-12-10T14:33:26","guid":{"rendered":"http:\/\/filo.unt.edu.ar\/noticias\/?p=4536"},"modified":"2018-12-21T12:45:52","modified_gmt":"2018-12-21T15:45:52","slug":"charla-abierta-pluralismo-logico","status":"publish","type":"post","link":"https:\/\/filo.unt.edu.ar\/noticias\/2018\/12\/10\/charla-abierta-pluralismo-logico\/","title":{"rendered":"Charla abierta: &#8220;Pluralismo l\u00f3gico&#8221;"},"content":{"rendered":"<p>El<span style=\"font-size: 12pt\"> pasado 7 de diciembre, el <a href=\"https:\/\/www.facebook.com\/IEP16\/?__xts__%5B0%5D=68.ARCBtHUINMKN1wTE1bFLrdlu2X397cmx8Hef0l9dfn0IVg7XiucXJUheKYZBb9NApdkxyINNYoBubI9rMwbA9AJ6FHArX1csC6wvBmyB2Wr_4GyUhvnBUQyLTJNd6l79VffFTf1miAeygjzx7-H7K_TOc4XeUBZRou0GO8wuFxEGyVhzNsKiKJMWpk-0HnuUZjXgT4reqr1P5ZGlhoFsXLNepT-VPyfBCe9SgXO5t6x8AhAtxJe_KxE6Pj8W5uY-CqYnSGRpnkKcLeeMojpZd1fW46--t267AG0yLEOlX9TQdlJL-KE0qI4airjUYdDQ0RniVvFSPT7TPeeeWLepkynh_xiV1Gbovt-AIUQ5qfCGNIfXJ4u8hGhCNdqu94lE930vm_EkDNzxT1GIRyvq-i8xjWf3Zf1Xhtgzcx-VO0IpMS6hDXodXlmVSLVvyL5rXKFmN_HYWZkAn3Y4mpf8mSe9OuDdXKE4r1ou-Z4qXnhiCgDeuBgV0hk\" target=\"_blank\" rel=\"noopener\">Instituto de Epistemolog\u00eda<\/a> brind\u00f3 la \u00faltima charla abierta del a\u00f1o, ciclo que llev\u00f3 adelante durante el 2018 al igual que a\u00f1os anteriores. La misma, denominada\u00a0&#8220;Pluralismo l\u00f3gico: sobre los conceptos de consecuencias l\u00f3gicas&#8221;, estuvo a cargo del Prof. en Filosof\u00eda, Iv\u00e1n Gavriloff.<\/span><\/p>\n<p>La charla tuvo el prop\u00f3sito de enunciar una nueva tesis en el \u00e1rea de la filosof\u00eda de la l\u00f3gica: la convivencia de distintas consecuencias l\u00f3gicas dentro de un mismo lenguaje, por ejemplo, el espa\u00f1ol. Esta postura realizada por dos l\u00f3gicos, J C Beall y Greg Restall, permite igualar todas las consecuencia l\u00f3gicas. De esta manera, por un lado, cada sistema l\u00f3gico no tiene conflicto dentro del orden l\u00f3gico; y por el otro, permite un desarrollo de investigaci\u00f3n para diversas disciplinas en las que la l\u00f3gica es utilizada como herramienta (ling\u00fc\u00edstica o ciencias de la computaci\u00f3n), como tambi\u00e9n posibles aportes para la epistemolog\u00eda, gnoseolog\u00eda y ontolog\u00eda.<\/p>\n<p>Adem\u00e1s, legitima y exhorta al desarrollo de las l\u00f3gicas no cl\u00e1sicas, aquella l\u00f3gicas que se desarrollaron para fines particulares -f\u00edsica cu\u00e1ntica, por ejemplo- que tienen caracter\u00edsticas diferentes a la l\u00f3gica cl\u00e1sica matem\u00e1tica.<\/p>\n<p>As\u00ed, la diversidad de consecuencias l\u00f3gicas queda supeditada en el orden de aplicaci\u00f3n y no dentro del marco del lenguaje ni de la dimensi\u00f3n l\u00f3gica de nuestros razonamientos.<\/p>\n<p class=\"yj6qo\"><span style=\"font-family: helvetica, arial, sans-serif\"><span style=\"font-size: 12pt\">\u00a0<\/span><span style=\"font-size: 12pt\"><a href=\"https:\/\/www.facebook.com\/filount\/posts\/806130913056117?__xts__%5B0%5D=68.ARA7Sf54SgkRKFbyPtjUboTG_0MwmlP8N1vgcO22yLi589vv3VrXjyUcrV6H4_JwVgS7-LXVcxFl4KL96-JPiqh7NYTj93pHA4_CoqHOUHEwuR9uC4GvLNljvplHQ31TxfaC2TwRTOhPzNa8LTbNZcP3EEpyHg6qYzsVW8zJwyHfsV_F2UDSCZv37GerE9t4Sdo3Kqjb3b8gac5p2nk9g3zifDU7RFaqlZvFiKx4nCERMwt08IRERsf31zxdrfJJiKEZC7P-mvesiAzI37bICO8ql8gBxaMlhyq8eJLDh4TGGkJLOvH-0JU29JCEhEfGF9JV1hpy3h4XARnUclP2Xxs&amp;__tn__=-R\" target=\"_blank\" rel=\"noopener\">Ver Fotos.-<\/a><\/span><\/span><\/p>\n","protected":false},"excerpt":{"rendered":"<p>El pasado 7 de diciembre, el Instituto de Epistemolog\u00eda brind\u00f3 la \u00faltima charla abierta del a\u00f1o, ciclo que llev\u00f3 adelante durante el 2018 al igual que a\u00f1os anteriores. La misma, denominada\u00a0&#8220;Pluralismo l\u00f3gico: sobre los conceptos de consecuencias l\u00f3gicas&#8221;, estuvo a cargo del Prof. en Filosof\u00eda, Iv\u00e1n Gavriloff. La charla tuvo [&hellip;]<\/p>\n","protected":false},"author":101013,"featured_media":4538,"comment_status":"closed","ping_status":"closed","sticky":false,"template":"","format":"standard","meta":{"footnotes":""},"categories":[8,6],"tags":[],"class_list":{"0":"post-4536","1":"post","2":"type-post","3":"status-publish","4":"format-standard","5":"has-post-thumbnail","6":"hentry","7":"category-eventos-academicos","8":"category-extension","10":"post-with-thumbnail","11":"post-with-thumbnail-large"},"_links":{"self":[{"href":"https:\/\/filo.unt.edu.ar\/noticias\/wp-json\/wp\/v2\/posts\/4536","targetHints":{"allow":["GET"]}}],"collection":[{"href":"https:\/\/filo.unt.edu.ar\/noticias\/wp-json\/wp\/v2\/posts"}],"about":[{"href":"https:\/\/filo.unt.edu.ar\/noticias\/wp-json\/wp\/v2\/types\/post"}],"author":[{"embeddable":true,"href":"https:\/\/filo.unt.edu.ar\/noticias\/wp-json\/wp\/v2\/users\/101013"}],"replies":[{"embeddable":true,"href":"https:\/\/filo.unt.edu.ar\/noticias\/wp-json\/wp\/v2\/comments?post=4536"}],"version-history":[{"count":12,"href":"https:\/\/filo.unt.edu.ar\/noticias\/wp-json\/wp\/v2\/posts\/4536\/revisions"}],"predecessor-version":[{"id":4592,"href":"https:\/\/filo.unt.edu.ar\/noticias\/wp-json\/wp\/v2\/posts\/4536\/revisions\/4592"}],"wp:featuredmedia":[{"embeddable":true,"href":"https:\/\/filo.unt.edu.ar\/noticias\/wp-json\/wp\/v2\/media\/4538"}],"wp:attachment":[{"href":"https:\/\/filo.unt.edu.ar\/noticias\/wp-json\/wp\/v2\/media?parent=4536"}],"wp:term":[{"taxonomy":"category","embeddable":true,"href":"https:\/\/filo.unt.edu.ar\/noticias\/wp-json\/wp\/v2\/categories?post=4536"},{"taxonomy":"post_tag","embeddable":true,"href":"https:\/\/filo.unt.edu.ar\/noticias\/wp-json\/wp\/v2\/tags?post=4536"}],"curies":[{"name":"wp","href":"https:\/\/api.w.org\/{rel}","templated":true}]}}