{"id":452,"date":"2016-09-28T13:30:50","date_gmt":"2016-09-28T16:30:50","guid":{"rendered":"http:\/\/filo.unt.edu.ar\/noticias\/?p=452"},"modified":"2016-10-03T12:12:02","modified_gmt":"2016-10-03T15:12:02","slug":"la-facultad-fue-sede-del-congreso-internacional-de-geografia-77o-semana-de-geografia","status":"publish","type":"post","link":"https:\/\/filo.unt.edu.ar\/noticias\/2016\/09\/28\/la-facultad-fue-sede-del-congreso-internacional-de-geografia-77o-semana-de-geografia\/","title":{"rendered":"La Facultad fue sede del Congreso Internacional de Geograf\u00eda \u2013 77\u00ba Semana de Geograf\u00eda"},"content":{"rendered":"<div id=\"pl-452\"  class=\"panel-layout\"><div id=\"pg-452-0\"  class=\"panel-grid panel-no-style\"><div id=\"pgc-452-0-0\"  class=\"panel-grid-cell\"><div id=\"panel-452-0-0-0\" class=\"so-panel widget widget_sow-editor panel-first-child panel-last-child\" data-index=\"0\"><div\n\t\t\t\n\t\t\tclass=\"so-widget-sow-editor so-widget-sow-editor-base\">\n<div class=\"siteorigin-widget-tinymce textwidget\">\n\t<p class=\"widget-title\">Del 21 al 24 de septiembre, en el Centro Cultural Virla, de llev\u00f3 a cabo el\u00a0 <em>Congreso Internacional de Geograf\u00eda \u2013 77\u00ba Semana de Geograf\u00eda,<\/em> organizado por G\u00c6A -Sociedad Argentina de Estudios Geogr\u00e1ficos y el Instituto de Estudios Geogr\u00e1ficos de la Facultad.\u00a0<br \/> <\/p><\/div><\/div><\/div><\/div><\/div><\/div><p><a class=\"more-link\" href=\"https:\/\/filo.unt.edu.ar\/noticias\/2016\/09\/28\/la-facultad-fue-sede-del-congreso-internacional-de-geografia-77o-semana-de-geografia\/\">Continuar leyendo<span class=\"meta-nav\">&rarr;<\/span><\/a><\/p>","protected":false},"excerpt":{"rendered":"<p>Del 21 al 24 de septiembre, en el Centro Cultural Virla, de llev\u00f3 a cabo el\u00a0 Congreso Internacional de Geograf\u00eda \u2013 77\u00ba Semana de Geograf\u00eda, organizado por G\u00c6A -Sociedad Argentina de Estudios Geogr\u00e1ficos y el Instituto de Estudios Geogr\u00e1ficos de la Facultad.\u00a0 El acto de apertura cont\u00f3 con la presencia [&hellip;]<\/p>\n","protected":false},"author":3,"featured_media":501,"comment_status":"closed","ping_status":"closed","sticky":false,"template":"","format":"standard","meta":{"footnotes":""},"categories":[8,13],"tags":[],"class_list":{"0":"post-452","1":"post","2":"type-post","3":"status-publish","4":"format-standard","5":"has-post-thumbnail","6":"hentry","7":"category-eventos-academicos","8":"category-semana-cultural","10":"post-with-thumbnail","11":"post-with-thumbnail-large"},"_links":{"self":[{"href":"https:\/\/filo.unt.edu.ar\/noticias\/wp-json\/wp\/v2\/posts\/452","targetHints":{"allow":["GET"]}}],"collection":[{"href":"https:\/\/filo.unt.edu.ar\/noticias\/wp-json\/wp\/v2\/posts"}],"about":[{"href":"https:\/\/filo.unt.edu.ar\/noticias\/wp-json\/wp\/v2\/types\/post"}],"author":[{"embeddable":true,"href":"https:\/\/filo.unt.edu.ar\/noticias\/wp-json\/wp\/v2\/users\/3"}],"replies":[{"embeddable":true,"href":"https:\/\/filo.unt.edu.ar\/noticias\/wp-json\/wp\/v2\/comments?post=452"}],"version-history":[{"count":9,"href":"https:\/\/filo.unt.edu.ar\/noticias\/wp-json\/wp\/v2\/posts\/452\/revisions"}],"predecessor-version":[{"id":502,"href":"https:\/\/filo.unt.edu.ar\/noticias\/wp-json\/wp\/v2\/posts\/452\/revisions\/502"}],"wp:featuredmedia":[{"embeddable":true,"href":"https:\/\/filo.unt.edu.ar\/noticias\/wp-json\/wp\/v2\/media\/501"}],"wp:attachment":[{"href":"https:\/\/filo.unt.edu.ar\/noticias\/wp-json\/wp\/v2\/media?parent=452"}],"wp:term":[{"taxonomy":"category","embeddable":true,"href":"https:\/\/filo.unt.edu.ar\/noticias\/wp-json\/wp\/v2\/categories?post=452"},{"taxonomy":"post_tag","embeddable":true,"href":"https:\/\/filo.unt.edu.ar\/noticias\/wp-json\/wp\/v2\/tags?post=452"}],"curies":[{"name":"wp","href":"https:\/\/api.w.org\/{rel}","templated":true}]}}