{"id":4415,"date":"2018-11-10T12:49:51","date_gmt":"2018-11-10T15:49:51","guid":{"rendered":"http:\/\/filo.unt.edu.ar\/noticias\/?p=4415"},"modified":"2018-12-03T12:46:22","modified_gmt":"2018-12-03T15:46:22","slug":"jornada-de-difusion-de-ofertas-academicas-en-famailla","status":"publish","type":"post","link":"https:\/\/filo.unt.edu.ar\/noticias\/2018\/11\/10\/jornada-de-difusion-de-ofertas-academicas-en-famailla\/","title":{"rendered":"Jornada de difusi\u00f3n de ofertas acad\u00e9micas en Famaill\u00e1"},"content":{"rendered":"<div id=\"pl-4415\"  class=\"panel-layout\" ><div id=\"pg-4415-0\"  class=\"panel-grid panel-no-style\" ><div id=\"pgc-4415-0-0\"  class=\"panel-grid-cell\" ><div id=\"panel-4415-0-0-0\" class=\"so-panel widget widget_sow-editor panel-first-child panel-last-child\" data-index=\"0\" ><div\n\t\t\t\n\t\t\tclass=\"so-widget-sow-editor so-widget-sow-editor-base\"\n\t\t\t\n\t\t>\n<div class=\"siteorigin-widget-tinymce textwidget\">\n\t<p>El d\u00eda 7 de noviembre la Facultad de Filosof\u00eda y Letras particip\u00f3 con un stand informativo en la 3\u00aa Jornada de difusi\u00f3n de ofertas acad\u00e9micas en la ciudad de Famaill\u00e1, junto a otras Facultades de la UNT, otras Universidades e Institutos terciarios de la Provincia.<\/p>\n<p>El objetivo de la Jornada fue mostrar a los j\u00f3venes, de manera din\u00e1mica e interactiva, el abanico de ofertas acad\u00e9micas, tanto terciarias como universitarias, p\u00fablicas y privadas, con las que cuenta Tucum\u00e1n.<\/p>\n<p>La actividad se llev\u00f3 a cabo en el complejo Malvinas Argentinas y asistieron alumnos de los \u00faltimos a\u00f1os de establecimientos secundarios de dicha ciudad.<\/p>\n<\/div>\n<\/div><\/div><\/div><\/div><div id=\"pg-4415-1\"  class=\"panel-grid panel-no-style\" ><div id=\"pgc-4415-1-0\"  class=\"panel-grid-cell\" ><div id=\"panel-4415-1-0-0\" class=\"so-panel widget widget_media_image panel-first-child panel-last-child\" data-index=\"1\" ><img loading=\"lazy\" decoding=\"async\" width=\"720\" height=\"540\" src=\"https:\/\/filo.unt.edu.ar\/noticias\/wp-content\/uploads\/sites\/74\/2018\/11\/IMG_20181108_103738809_HDR-1440x1080.jpg\" class=\"image wp-image-4488  attachment-large size-large\" alt=\"\" style=\"max-width: 100%; height: auto;\" srcset=\"https:\/\/filo.unt.edu.ar\/noticias\/wp-content\/uploads\/sites\/74\/2018\/11\/IMG_20181108_103738809_HDR-1440x1080.jpg 1440w, https:\/\/filo.unt.edu.ar\/noticias\/wp-content\/uploads\/sites\/74\/2018\/11\/IMG_20181108_103738809_HDR-300x225.jpg 300w, https:\/\/filo.unt.edu.ar\/noticias\/wp-content\/uploads\/sites\/74\/2018\/11\/IMG_20181108_103738809_HDR-768x576.jpg 768w, https:\/\/filo.unt.edu.ar\/noticias\/wp-content\/uploads\/sites\/74\/2018\/11\/IMG_20181108_103738809_HDR-600x450.jpg 600w\" sizes=\"auto, (max-width: 720px) 100vw, 720px\" \/><\/div><\/div><div id=\"pgc-4415-1-1\"  class=\"panel-grid-cell\" ><div id=\"panel-4415-1-1-0\" class=\"so-panel widget widget_media_image panel-first-child panel-last-child\" data-index=\"2\" ><img loading=\"lazy\" decoding=\"async\" width=\"720\" height=\"540\" src=\"https:\/\/filo.unt.edu.ar\/noticias\/wp-content\/uploads\/sites\/74\/2018\/11\/IMG_20181108_111611731_BURST000_COVER_TOP-1440x1080.jpg\" class=\"image wp-image-4490  attachment-large size-large\" alt=\"\" style=\"max-width: 100%; height: auto;\" srcset=\"https:\/\/filo.unt.edu.ar\/noticias\/wp-content\/uploads\/sites\/74\/2018\/11\/IMG_20181108_111611731_BURST000_COVER_TOP-1440x1080.jpg 1440w, https:\/\/filo.unt.edu.ar\/noticias\/wp-content\/uploads\/sites\/74\/2018\/11\/IMG_20181108_111611731_BURST000_COVER_TOP-300x225.jpg 300w, https:\/\/filo.unt.edu.ar\/noticias\/wp-content\/uploads\/sites\/74\/2018\/11\/IMG_20181108_111611731_BURST000_COVER_TOP-768x576.jpg 768w, https:\/\/filo.unt.edu.ar\/noticias\/wp-content\/uploads\/sites\/74\/2018\/11\/IMG_20181108_111611731_BURST000_COVER_TOP-600x450.jpg 600w\" sizes=\"auto, (max-width: 720px) 100vw, 720px\" \/><\/div><\/div><\/div><\/div>","protected":false},"excerpt":{"rendered":"<p>El d\u00eda 7 de noviembre la Facultad de Filosof\u00eda y Letras particip\u00f3 con un stand informativo en la 3\u00aa Jornada de difusi\u00f3n de ofertas acad\u00e9micas en la ciudad de Famaill\u00e1, junto a otras Facultades de la UNT, otras Universidades e Institutos terciarios de la Provincia. El objetivo de la Jornada [&hellip;]<\/p>\n","protected":false},"author":101013,"featured_media":4487,"comment_status":"closed","ping_status":"closed","sticky":false,"template":"","format":"standard","meta":{"footnotes":""},"categories":[6],"tags":[],"class_list":{"0":"post-4415","1":"post","2":"type-post","3":"status-publish","4":"format-standard","5":"has-post-thumbnail","6":"hentry","7":"category-extension","9":"post-with-thumbnail","10":"post-with-thumbnail-large"},"_links":{"self":[{"href":"https:\/\/filo.unt.edu.ar\/noticias\/wp-json\/wp\/v2\/posts\/4415","targetHints":{"allow":["GET"]}}],"collection":[{"href":"https:\/\/filo.unt.edu.ar\/noticias\/wp-json\/wp\/v2\/posts"}],"about":[{"href":"https:\/\/filo.unt.edu.ar\/noticias\/wp-json\/wp\/v2\/types\/post"}],"author":[{"embeddable":true,"href":"https:\/\/filo.unt.edu.ar\/noticias\/wp-json\/wp\/v2\/users\/101013"}],"replies":[{"embeddable":true,"href":"https:\/\/filo.unt.edu.ar\/noticias\/wp-json\/wp\/v2\/comments?post=4415"}],"version-history":[{"count":4,"href":"https:\/\/filo.unt.edu.ar\/noticias\/wp-json\/wp\/v2\/posts\/4415\/revisions"}],"predecessor-version":[{"id":4489,"href":"https:\/\/filo.unt.edu.ar\/noticias\/wp-json\/wp\/v2\/posts\/4415\/revisions\/4489"}],"wp:featuredmedia":[{"embeddable":true,"href":"https:\/\/filo.unt.edu.ar\/noticias\/wp-json\/wp\/v2\/media\/4487"}],"wp:attachment":[{"href":"https:\/\/filo.unt.edu.ar\/noticias\/wp-json\/wp\/v2\/media?parent=4415"}],"wp:term":[{"taxonomy":"category","embeddable":true,"href":"https:\/\/filo.unt.edu.ar\/noticias\/wp-json\/wp\/v2\/categories?post=4415"},{"taxonomy":"post_tag","embeddable":true,"href":"https:\/\/filo.unt.edu.ar\/noticias\/wp-json\/wp\/v2\/tags?post=4415"}],"curies":[{"name":"wp","href":"https:\/\/api.w.org\/{rel}","templated":true}]}}