{"id":4399,"date":"2018-11-29T18:00:08","date_gmt":"2018-11-29T21:00:08","guid":{"rendered":"http:\/\/filo.unt.edu.ar\/noticias\/?p=4399"},"modified":"2018-11-30T12:46:04","modified_gmt":"2018-11-30T15:46:04","slug":"ii-encuentro-de-practicas-preprofesionales-de-trabajo-social","status":"publish","type":"post","link":"https:\/\/filo.unt.edu.ar\/noticias\/2018\/11\/29\/ii-encuentro-de-practicas-preprofesionales-de-trabajo-social\/","title":{"rendered":"II Encuentro de Pr\u00e1cticas preprofesionales de Trabajo Social"},"content":{"rendered":"<div id=\"pl-4399\"  class=\"panel-layout\" ><div id=\"pg-4399-0\"  class=\"panel-grid panel-no-style\" ><div id=\"pgc-4399-0-0\"  class=\"panel-grid-cell\" ><div id=\"panel-4399-0-0-0\" class=\"so-panel widget widget_black-studio-tinymce widget_black_studio_tinymce panel-first-child panel-last-child\" data-index=\"0\" ><div class=\"textwidget\"><p>El jueves 29 de noviembre, en el Espacio Cultural, se llev\u00f3 a cabo el II Encuentro de las Pr\u00e1cticas Preprofesionales de Trabajo social. Participaron las c\u00e1tedras de \"Pr\u00e1cticas de recurso para la comunidad\", \"Pr\u00e1ctica de Trabajo Social con grupos\", \"Pr\u00e1ctica de Trabajo Social Comunitario\" y \"Pr\u00e1ctica de Trabajo Social Familiar\". Presidieron la mesa de apertura la Decana, Dra. Mercedes Leal, y la Lic. Mirtha Litvak, en representaci\u00f3n de las docentes de las pr\u00e1cticas; y la Lic. Graciela Yacuzzi, Pro-secretaria del Departamento de Trabajo Social.<\/p>\n<p>Por segunda vez en la historia de la carrera de Trabajo Social, se realiz\u00f3 una muestra final de socializaci\u00f3n de lo trabajado en estas cuatro c\u00e1tedras.\u00a0La actividad cont\u00f3 con la presencia de los docentes de las materias y los estudiantes que las cursan; y referentes institucionales de los municipios, instituciones, organizaciones no gubernamentales en los que se realizaron las pr\u00e1cticas.<\/p>\n<p>\"Cada Pr\u00e1ctica articul\u00f3 un modo de socializar lo trabajado\", coment\u00f3 la Lic.Litvak \"en nuestro caso -Pr\u00e1ctica de Trabajo Social Comunitario-, hicimos una muestra fotogr\u00e1fica, la Pr\u00e1ctica de Familia elabor\u00f3 un video, la de Recursos para la comunidad hizo una kerm\u00e9s de conocimiento, que es una modalidad l\u00fadica que permite dar cuenta de los conocimientos adquiridos\".<\/p>\n<p>Son cincuenta centros de pr\u00e1cticas que est\u00e1n distribuidos en el gran San Miguel Miguel de Tucum\u00e1n, pero tambi\u00e9n en zonas m\u00e1s alejadas como Famaill\u00e1, Concepci\u00f3n, etc. Entre las actividades realizadas se elabor\u00f3\u00a0un mapa geo-referencial en el que quedaron ubicados todos los Centros de pr\u00e1cticas.<\/p>\n<p>Los estudiantes fueron protagonistas y, adem\u00e1s de mostrar el trabajo realizado a trav\u00e9s de las modalidades mencionadas, dos representantes de cada curso compartieron con el auditorio sus experiencias, los aprendizajes, los interrogantes que les dej\u00f3 la Pr\u00e1ctica.<\/p>\n<p>&nbsp;<\/p>\n<p>&nbsp;<\/p>\n<p><a href=\"https:\/\/www.facebook.com\/pg\/filount\/photos\/?tab=album&amp;album_id=801244230211452\" target=\"_blank\" rel=\"noopener\">Ver fotos<\/a><\/p>\n<\/div><\/div><\/div><\/div><\/div>","protected":false},"excerpt":{"rendered":"<p>El jueves 29 de noviembre, en el Espacio Cultural, se llev\u00f3 a cabo el II Encuentro de las Pr\u00e1cticas Preprofesionales de Trabajo social. Participaron las c\u00e1tedras de &#8220;Pr\u00e1cticas de recurso para la comunidad&#8221;, &#8220;Pr\u00e1ctica de Trabajo Social con grupos&#8221;, &#8220;Pr\u00e1ctica de Trabajo Social Comunitario&#8221; y &#8220;Pr\u00e1ctica de Trabajo Social Familiar&#8221;. [&hellip;]<\/p>\n","protected":false},"author":3,"featured_media":4409,"comment_status":"closed","ping_status":"closed","sticky":false,"template":"","format":"standard","meta":{"footnotes":""},"categories":[16,8,6],"tags":[],"class_list":{"0":"post-4399","1":"post","2":"type-post","3":"status-publish","4":"format-standard","5":"has-post-thumbnail","6":"hentry","7":"category-espacio-cultural","8":"category-eventos-academicos","9":"category-extension","11":"post-with-thumbnail","12":"post-with-thumbnail-large"},"_links":{"self":[{"href":"https:\/\/filo.unt.edu.ar\/noticias\/wp-json\/wp\/v2\/posts\/4399","targetHints":{"allow":["GET"]}}],"collection":[{"href":"https:\/\/filo.unt.edu.ar\/noticias\/wp-json\/wp\/v2\/posts"}],"about":[{"href":"https:\/\/filo.unt.edu.ar\/noticias\/wp-json\/wp\/v2\/types\/post"}],"author":[{"embeddable":true,"href":"https:\/\/filo.unt.edu.ar\/noticias\/wp-json\/wp\/v2\/users\/3"}],"replies":[{"embeddable":true,"href":"https:\/\/filo.unt.edu.ar\/noticias\/wp-json\/wp\/v2\/comments?post=4399"}],"version-history":[{"count":3,"href":"https:\/\/filo.unt.edu.ar\/noticias\/wp-json\/wp\/v2\/posts\/4399\/revisions"}],"predecessor-version":[{"id":4418,"href":"https:\/\/filo.unt.edu.ar\/noticias\/wp-json\/wp\/v2\/posts\/4399\/revisions\/4418"}],"wp:featuredmedia":[{"embeddable":true,"href":"https:\/\/filo.unt.edu.ar\/noticias\/wp-json\/wp\/v2\/media\/4409"}],"wp:attachment":[{"href":"https:\/\/filo.unt.edu.ar\/noticias\/wp-json\/wp\/v2\/media?parent=4399"}],"wp:term":[{"taxonomy":"category","embeddable":true,"href":"https:\/\/filo.unt.edu.ar\/noticias\/wp-json\/wp\/v2\/categories?post=4399"},{"taxonomy":"post_tag","embeddable":true,"href":"https:\/\/filo.unt.edu.ar\/noticias\/wp-json\/wp\/v2\/tags?post=4399"}],"curies":[{"name":"wp","href":"https:\/\/api.w.org\/{rel}","templated":true}]}}