{"id":4385,"date":"2018-11-30T13:29:09","date_gmt":"2018-11-30T16:29:09","guid":{"rendered":"http:\/\/filo.unt.edu.ar\/noticias\/?p=4385"},"modified":"2018-12-03T12:26:58","modified_gmt":"2018-12-03T15:26:58","slug":"tercera-jornada-violencia-contra-la-mujer","status":"publish","type":"post","link":"https:\/\/filo.unt.edu.ar\/noticias\/2018\/11\/30\/tercera-jornada-violencia-contra-la-mujer\/","title":{"rendered":"Tercera Jornada Violencia contra la Mujer"},"content":{"rendered":"<p>El jueves 29 de noviembre, en el Espacio Cultural de nuestra Facultad, se llev\u00f3 a cabo la 3\u00aa Jornada Violencia contra las Mujeres: &#8220;Desaf\u00edos del abordaje integral como pol\u00edtica p\u00fablica&#8221;.<\/p>\n<p>La actividad fue organizada en conjunto por el Observatorio de la Mujer del Ministerio de Desarrollo Social, la Secretar\u00eda de Extensi\u00f3n de la Facultad de Filosof\u00eda y Letras y la Municipalidad de Taf\u00ed Viejo. Y reuni\u00f3 a cien personas, entre profesionales, t\u00e9cnicos de organismos del poder Ejecutivo, operadores del Poder Judicial, estudiantes y docentes.<\/p>\n<p>El encuentro gir\u00f3 en torno a dos ejes: \u201cAcceso a justicia de mujeres en situaci\u00f3n de violencia\u201d, y \u201cCuidar a los que cuidan, los equipos de atenci\u00f3n y el rol de la supervisi\u00f3n externa\u201d. La apertura estuvo a cargo de la Coordinadora del Observatorio de la Mujer y docente de la facultad de Filosof\u00eda y Letras, Lic. Eva Fontdevila.<\/p>\n<p>En la primera mesa panel, expusieron sobre los desaf\u00edos del cuidado de los equipos de atenci\u00f3n la Lic. Fabiana Lavaque, a cargo de la c\u00e1tedra de Psicopatolog\u00eda de la facultad de psicolog\u00eda de la UNT, con amplia experiencia en supervisi\u00f3n, y la Lic. Marta Palazzo, coordinadora de la oficina de Violencia Dom\u00e9stica del Poder Judicial, encargada de haber armado el equipo de atenci\u00f3n del organismo. Ambas profesionales se refirieron a los desaf\u00edos de construir equipos solidarios, sensibles y con capacidad de ser creativos ante la complejidad de la problem\u00e1tica de la violencia contra las mujeres.<\/p>\n<p>En el segundo panel, la Dra. Lucrecia Lugones, Secretaria de la Fiscal\u00eda especializada en g\u00e9nero y violencia familiar del Ministerio P\u00fablico Fiscal, habl\u00f3 sobre el procedimiento en la judicializaci\u00f3n de casos y los desaf\u00edos en la incorporaci\u00f3n de la perspectiva de g\u00e9nero en el \u00e1mbito judicial. El lic. Ra\u00fal Garc\u00eda, director de Estad\u00edsticas de la provincia, expuso los primeros resultados del Registro \u00danico de Casos de Violencia de la provincia, que se encuentra en construcci\u00f3n desde 2016, por iniciativa conjunta con el Observatorio de la Mujer y la divisi\u00f3n de g\u00e9nero de la Polic\u00eda de la provincia. El Lic. Garc\u00eda destac\u00f3 la importancia de la informaci\u00f3n para la toma de decisiones en pol\u00edtica de prevenci\u00f3n y asistencia. <\/p>\n<p>Finalmente, la Dra. Teresa Ivankow, integrante del Cuerpo de peritos m\u00e9dicos de la Corte Suprema de Justicia, se refiri\u00f3 a la importancia de la inclusi\u00f3n de las personas con discapacidad a trav\u00e9s de servicios de asistencia, tanto en el \u00e1mbito administrativo como judicial, y que deber\u00edan ser accesibles y trabajar desde la perspectiva de g\u00e9nero.<\/p>\n<p>Los\/as participantes manifestaron su satisfacci\u00f3n por el aporte de los\/as panelistas y destacaron la posibilidad de una capacitaci\u00f3n gratuita que permita reflexionar desde y sobre la pr\u00e1ctica de atenci\u00f3n de esta problem\u00e1tica sensible y de gran visibilidad en la actualidad.<\/p>\n<p><a href=\"https:\/\/www.facebook.com\/254943048174909\/photos\/?tab=album&amp;album_id=800560880279787\" rel=\"noopener\" target=\"_blank\">Ver Fotos.-<\/a><\/p>\n","protected":false},"excerpt":{"rendered":"<p>El jueves 29 de noviembre, en el Espacio Cultural de nuestra Facultad, se llev\u00f3 a cabo la 3\u00aa Jornada Violencia contra las Mujeres: &#8220;Desaf\u00edos del abordaje integral como pol\u00edtica p\u00fablica&#8221;. La actividad fue organizada en conjunto por el Observatorio de la Mujer del Ministerio de Desarrollo Social, la Secretar\u00eda de [&hellip;]<\/p>\n","protected":false},"author":101013,"featured_media":4482,"comment_status":"closed","ping_status":"closed","sticky":false,"template":"","format":"standard","meta":{"footnotes":""},"categories":[6],"tags":[],"class_list":{"0":"post-4385","1":"post","2":"type-post","3":"status-publish","4":"format-standard","5":"has-post-thumbnail","6":"hentry","7":"category-extension","9":"post-with-thumbnail","10":"post-with-thumbnail-large"},"_links":{"self":[{"href":"https:\/\/filo.unt.edu.ar\/noticias\/wp-json\/wp\/v2\/posts\/4385","targetHints":{"allow":["GET"]}}],"collection":[{"href":"https:\/\/filo.unt.edu.ar\/noticias\/wp-json\/wp\/v2\/posts"}],"about":[{"href":"https:\/\/filo.unt.edu.ar\/noticias\/wp-json\/wp\/v2\/types\/post"}],"author":[{"embeddable":true,"href":"https:\/\/filo.unt.edu.ar\/noticias\/wp-json\/wp\/v2\/users\/101013"}],"replies":[{"embeddable":true,"href":"https:\/\/filo.unt.edu.ar\/noticias\/wp-json\/wp\/v2\/comments?post=4385"}],"version-history":[{"count":12,"href":"https:\/\/filo.unt.edu.ar\/noticias\/wp-json\/wp\/v2\/posts\/4385\/revisions"}],"predecessor-version":[{"id":4481,"href":"https:\/\/filo.unt.edu.ar\/noticias\/wp-json\/wp\/v2\/posts\/4385\/revisions\/4481"}],"wp:featuredmedia":[{"embeddable":true,"href":"https:\/\/filo.unt.edu.ar\/noticias\/wp-json\/wp\/v2\/media\/4482"}],"wp:attachment":[{"href":"https:\/\/filo.unt.edu.ar\/noticias\/wp-json\/wp\/v2\/media?parent=4385"}],"wp:term":[{"taxonomy":"category","embeddable":true,"href":"https:\/\/filo.unt.edu.ar\/noticias\/wp-json\/wp\/v2\/categories?post=4385"},{"taxonomy":"post_tag","embeddable":true,"href":"https:\/\/filo.unt.edu.ar\/noticias\/wp-json\/wp\/v2\/tags?post=4385"}],"curies":[{"name":"wp","href":"https:\/\/api.w.org\/{rel}","templated":true}]}}