{"id":4383,"date":"2018-12-01T13:28:34","date_gmt":"2018-12-01T16:28:34","guid":{"rendered":"http:\/\/filo.unt.edu.ar\/noticias\/?p=4383"},"modified":"2018-12-04T07:17:20","modified_gmt":"2018-12-04T10:17:20","slug":"olimpiadas-de-filosofia-2","status":"publish","type":"post","link":"https:\/\/filo.unt.edu.ar\/noticias\/2018\/12\/01\/olimpiadas-de-filosofia-2\/","title":{"rendered":"Olimp\u00edadas de Filosof\u00eda"},"content":{"rendered":"<p>El jueves 29 de noviembre, las instalaciones de la Residencia de Horco Molle fueron el lugar para llevar a cabo\u00a0las Olimp\u00edadas de Filosof\u00eda de la Rep\u00fablica Argentina, que convoca a estudiantes del nivel secundario de todo el pa\u00eds.\u00a0Este a\u00f1o el tema sobre el que gir\u00f3 la producci\u00f3n de los participantes fue &#8220;Poner el cuerpo. Poder e instituciones en la cultura actual&#8221;.<\/p>\n<p>\u201cLa originalidad de estas olimp\u00edadas reside, en primer lugar, en que se apoya en una forma de concebir la filosof\u00eda que se aleja de los c\u00e1nones tradicionales y, en segundo lugar, en que implementa una metodolog\u00eda que reemplaza al examen por el trabajo en jornadas y talleres y la elaboraci\u00f3n de ensayos. Esto resulta un modo eficaz de generar impacto, tanto en quienes la ense\u00f1an como en quienes la aprenden\u201d, explicaron desde el comit\u00e9 organizador.<\/p>\n<p>Del acto inaugural participaron el Rector de la UNT, Ing. Jos\u00e9 Garc\u00eda; la decana de la Facultad, Dra. Mercedes Leal y la responsable legal del proyecto, Dra. Susana Maidana.<\/p>\n<p>La Dra. Maidana, explic\u00f3 por qu\u00e9 se eligi\u00f3 la tem\u00e1tica bajo la que se desarrollan las olimp\u00edadas: &#8220;nosotros ponemos el cuerpo significa ser coherente con lo que uno piensa frente a la unidimensionalidad del pensamiento.\u00a0 Nosotros creemos que los seres humanos somos seres multidimensionales. Que somos cuerpo, pasi\u00f3n, sentimiento. Seres que trabajamos, que tenemos lenguajes, verdaderos animales simb\u00f3licos,\u00a0 y que no podemos tener una visi\u00f3n tan reduccionista de los seres humanos.\u00a0 Por eso hemos elegido esta tem\u00e1tica para el encuentro&#8221;<\/p>\n<p>Por su parte, Mercedes Leal\u00a0destac\u00f3 que las &#8220;Olimpiadas de Filosof\u00eda son un sello propio de la Facultad de Filosof\u00eda y Letras y son el resultado de un equipo de trabajo y de las escuelas de las distintas provincias que apuestan al debate y al saber\u201d. Y remarc\u00f3, que la iniciativa &#8220;a\u00f1o a a\u00f1o elige temas potentes e inquietantes que convocan a pensar y reflexionar temas que estas muy presentes en la sociedad&#8221;.<\/p>\n<p>Finalmente, el Ing. Garc\u00eda auguro \u00e9xitos a los estudiantes y docentes y ponder\u00f3 las Olimpiadas al decir que &#8220;Como sociedad precisamos poner el cuerpo, pensar hacia d\u00f3nde vamos. Y estas Olimpiadas son el mejor lugar para hacerlo\u201d.\u00a0 Y concluy\u00f3 expresando el deseo de que \u201cla Universidad Nacional de Tucum\u00e1n se ponga al servicio de la Escuela Secundaria para articular, para conocer, para pensar y para formar\u201d.<\/p>\n<p><a href=\"https:\/\/www.facebook.com\/pg\/filount\/photos\/?tab=album&amp;album_id=800576033611605\" target=\"_blank\" rel=\"noopener\">Ver Fotos.-<\/a><\/p>\n","protected":false},"excerpt":{"rendered":"<p>El jueves 29 de noviembre, las instalaciones de la Residencia de Horco Molle fueron el lugar para llevar a cabo\u00a0las Olimp\u00edadas de Filosof\u00eda de la Rep\u00fablica Argentina, que convoca a estudiantes del nivel secundario de todo el pa\u00eds.\u00a0Este a\u00f1o el tema sobre el que gir\u00f3 la producci\u00f3n de los participantes [&hellip;]<\/p>\n","protected":false},"author":3,"featured_media":4392,"comment_status":"closed","ping_status":"closed","sticky":false,"template":"","format":"standard","meta":{"footnotes":""},"categories":[8,6],"tags":[],"class_list":{"0":"post-4383","1":"post","2":"type-post","3":"status-publish","4":"format-standard","5":"has-post-thumbnail","6":"hentry","7":"category-eventos-academicos","8":"category-extension","10":"post-with-thumbnail","11":"post-with-thumbnail-large"},"_links":{"self":[{"href":"https:\/\/filo.unt.edu.ar\/noticias\/wp-json\/wp\/v2\/posts\/4383","targetHints":{"allow":["GET"]}}],"collection":[{"href":"https:\/\/filo.unt.edu.ar\/noticias\/wp-json\/wp\/v2\/posts"}],"about":[{"href":"https:\/\/filo.unt.edu.ar\/noticias\/wp-json\/wp\/v2\/types\/post"}],"author":[{"embeddable":true,"href":"https:\/\/filo.unt.edu.ar\/noticias\/wp-json\/wp\/v2\/users\/3"}],"replies":[{"embeddable":true,"href":"https:\/\/filo.unt.edu.ar\/noticias\/wp-json\/wp\/v2\/comments?post=4383"}],"version-history":[{"count":9,"href":"https:\/\/filo.unt.edu.ar\/noticias\/wp-json\/wp\/v2\/posts\/4383\/revisions"}],"predecessor-version":[{"id":4516,"href":"https:\/\/filo.unt.edu.ar\/noticias\/wp-json\/wp\/v2\/posts\/4383\/revisions\/4516"}],"wp:featuredmedia":[{"embeddable":true,"href":"https:\/\/filo.unt.edu.ar\/noticias\/wp-json\/wp\/v2\/media\/4392"}],"wp:attachment":[{"href":"https:\/\/filo.unt.edu.ar\/noticias\/wp-json\/wp\/v2\/media?parent=4383"}],"wp:term":[{"taxonomy":"category","embeddable":true,"href":"https:\/\/filo.unt.edu.ar\/noticias\/wp-json\/wp\/v2\/categories?post=4383"},{"taxonomy":"post_tag","embeddable":true,"href":"https:\/\/filo.unt.edu.ar\/noticias\/wp-json\/wp\/v2\/tags?post=4383"}],"curies":[{"name":"wp","href":"https:\/\/api.w.org\/{rel}","templated":true}]}}