{"id":4368,"date":"2018-11-24T11:57:48","date_gmt":"2018-11-24T14:57:48","guid":{"rendered":"http:\/\/filo.unt.edu.ar\/noticias\/?p=4368"},"modified":"2018-12-03T13:00:07","modified_gmt":"2018-12-03T16:00:07","slug":"presentacion-de-la-segunda-edicion-de-poiesis","status":"publish","type":"post","link":"https:\/\/filo.unt.edu.ar\/noticias\/2018\/11\/24\/presentacion-de-la-segunda-edicion-de-poiesis\/","title":{"rendered":"Presentaci\u00f3n de la segunda edici\u00f3n de &#8220;Poiesis&#8221;"},"content":{"rendered":"<div id=\"pl-4368\"  class=\"panel-layout\" ><div id=\"pg-4368-0\"  class=\"panel-grid panel-no-style\" ><div id=\"pgc-4368-0-0\"  class=\"panel-grid-cell\" ><div id=\"panel-4368-0-0-0\" class=\"so-panel widget widget_sow-editor panel-first-child panel-last-child\" data-index=\"0\" ><div\n\t\t\t\n\t\t\tclass=\"so-widget-sow-editor so-widget-sow-editor-base\"\n\t\t\t\n\t\t>\n<div class=\"siteorigin-widget-tinymce textwidget\">\n\t<div class=\"\">\n<div class=\"_1mf _1mj\">El jueves 22 de noviembre, en el Espacio Cultural de nuestra Facultad, se llev\u00f3 a cabo la presentaci\u00f3n de \"<em>Poiesis<\/em> Discurso de Roma\".<\/div>\n<div>&nbsp;<\/div>\n<div>El vicedecano, Santiago Bliss, dio la bienvenida a los asistentes y luego comenz\u00f3 una Mesa Panel denominada \u201cPol\u00edticas P\u00fablicas de Inclusi\u00f3n con J\u00f3venes en Conflicto con la Ley Penal\u201d. De la misma participaron Gabriel Yedlin, ministro de Desarrollo Social,&nbsp;&nbsp;Cristina Domenech,&nbsp;escritora y licenciada en Filosof\u00eda, Mariana Fontdevila,&nbsp;directora de Adolescentes en Conflicto con la Ley Penal, y otras autoridades.<\/div>\n<div>&nbsp;<\/div>\n<div>\"<em>Poiesis<\/em> Discurso de Roma\" es resultado de&nbsp;uno de los talleres que brinda el Ministerio de Desarrollo Social que plantean una opci\u00f3n para aquellos j\u00f3venes en conflicto con la ley penal, que tienen como condici\u00f3n de libertad una \u201cProbation\u201d.<\/div>\n<div>&nbsp;<\/div>\n<\/div>\n<div class=\"\">\n<div>&nbsp;El objetivo de estos talleres es brindar un espacio de contenci\u00f3n, donde los j\u00f3venes puedan expresar su subjetividad a trav\u00e9s de la lectura y escritura. Y las publicaciones se realizan en el marco del programa Unidad de Participaci\u00f3n y Desarrollo Local (UPa), dispositivo que trabaja en el territorio con el objetivo de acercar propuestas y proyectos del Ministerio de Desarrollo Social a las personas que m\u00e1s lo necesitan, a fin de garantizar la protecci\u00f3n de sus derechos y una mejor calidad de vida.<\/div>\n<div>&nbsp;<\/div>\n<div>La revista Poiesis fue declarada de inter\u00e9s cultural por el Ente de Cultura de nuestra provincia.<\/div>\n<\/div>\n<div>&nbsp;<\/div>\n<div><a href=\"https:\/\/www.facebook.com\/254943048174909\/photos\/?tab=album&amp;album_id=795931380742737\" target=\"_blank\" rel=\"noopener\">Ver Fotos.-<\/a><\/div>\n<\/div>\n<\/div><\/div><\/div><\/div><\/div>","protected":false},"excerpt":{"rendered":"<p>El jueves 22 de noviembre, en el Espacio Cultural de nuestra Facultad, se llev\u00f3 a cabo la presentaci\u00f3n de &#8220;Poiesis Discurso de Roma&#8221;.&nbsp;El vicedecano, Santiago Bliss, dio la bienvenida a los asistentes y luego comenz\u00f3 una Mesa Panel denominada \u201cPol\u00edticas P\u00fablicas de Inclusi\u00f3n con J\u00f3venes en Conflicto con la Ley [&hellip;]<\/p>\n","protected":false},"author":101013,"featured_media":4498,"comment_status":"closed","ping_status":"closed","sticky":false,"template":"","format":"standard","meta":{"footnotes":""},"categories":[6],"tags":[],"class_list":{"0":"post-4368","1":"post","2":"type-post","3":"status-publish","4":"format-standard","5":"has-post-thumbnail","6":"hentry","7":"category-extension","9":"post-with-thumbnail","10":"post-with-thumbnail-large"},"_links":{"self":[{"href":"https:\/\/filo.unt.edu.ar\/noticias\/wp-json\/wp\/v2\/posts\/4368","targetHints":{"allow":["GET"]}}],"collection":[{"href":"https:\/\/filo.unt.edu.ar\/noticias\/wp-json\/wp\/v2\/posts"}],"about":[{"href":"https:\/\/filo.unt.edu.ar\/noticias\/wp-json\/wp\/v2\/types\/post"}],"author":[{"embeddable":true,"href":"https:\/\/filo.unt.edu.ar\/noticias\/wp-json\/wp\/v2\/users\/101013"}],"replies":[{"embeddable":true,"href":"https:\/\/filo.unt.edu.ar\/noticias\/wp-json\/wp\/v2\/comments?post=4368"}],"version-history":[{"count":11,"href":"https:\/\/filo.unt.edu.ar\/noticias\/wp-json\/wp\/v2\/posts\/4368\/revisions"}],"predecessor-version":[{"id":4500,"href":"https:\/\/filo.unt.edu.ar\/noticias\/wp-json\/wp\/v2\/posts\/4368\/revisions\/4500"}],"wp:featuredmedia":[{"embeddable":true,"href":"https:\/\/filo.unt.edu.ar\/noticias\/wp-json\/wp\/v2\/media\/4498"}],"wp:attachment":[{"href":"https:\/\/filo.unt.edu.ar\/noticias\/wp-json\/wp\/v2\/media?parent=4368"}],"wp:term":[{"taxonomy":"category","embeddable":true,"href":"https:\/\/filo.unt.edu.ar\/noticias\/wp-json\/wp\/v2\/categories?post=4368"},{"taxonomy":"post_tag","embeddable":true,"href":"https:\/\/filo.unt.edu.ar\/noticias\/wp-json\/wp\/v2\/tags?post=4368"}],"curies":[{"name":"wp","href":"https:\/\/api.w.org\/{rel}","templated":true}]}}