{"id":4337,"date":"2018-11-08T18:18:08","date_gmt":"2018-11-08T21:18:08","guid":{"rendered":"http:\/\/filo.unt.edu.ar\/noticias\/?p=4337"},"modified":"2018-11-30T14:59:13","modified_gmt":"2018-11-30T17:59:13","slug":"se-presento-el-manualpracticas-y-saberes-de-comunicacion-alternativa","status":"publish","type":"post","link":"https:\/\/filo.unt.edu.ar\/noticias\/2018\/11\/08\/se-presento-el-manualpracticas-y-saberes-de-comunicacion-alternativa\/","title":{"rendered":"Se present\u00f3 el manual &#8220;Pr\u00e1cticas y Saberes de Comunicaci\u00f3n Alternativa&#8221;"},"content":{"rendered":"<p>El martes 6 de noviembre, en el marco de\u00a0la XI\u00a0Jornadas Acad\u00e9micas de\u00a0Radiodifusi\u00f3n &#8220;Qui\u00e9nes y c\u00f3mo construyen comunicaci\u00f3n\u201d, organizadas por la C\u00e1tedra de Comunicaci\u00f3n Alternativa, se realiz\u00f3 la presentaci\u00f3n del manual <em>Pr\u00e1cticas y Saberes de la Comunicaci\u00f3n Alternativa<\/em>\u00a0de la Editorial Humanitas. El manual, compilado por la Mg. Mar\u00eda Ester Gardella, re\u00fane\u00a0escritos de docentes, egresados, estudiantes y referentes de colectivos de comunicaci\u00f3n.<\/p>\n<p>La jornada dio inicio con una radio abierta, realizada por estudiantes que participan de las pr\u00e1cticas de extensi\u00f3n de la C\u00e1tedra de Comunicaci\u00f3n Alternativa, que involucr\u00f3 varias entrevistas y una presentaci\u00f3n musical folcl\u00f3rica.<\/p>\n<p>A continuaci\u00f3n, se realiz\u00f3 la apertura protocolar de la que participaron el Mg. Santiago Bliss, Vicedecano de la Facultad; la Dra. Elena Acevedo, Directora del Departamento de Publicaciones; y la Mg. Mary Esther Gardella, Titular de la C\u00e1tedra de Comunicaci\u00f3n Alternativa.<\/p>\n<p>La Dra. Acevedo, se\u00f1al\u00f3 &#8220;fue grato llevar a cabo esta edici\u00f3n, que es mucho m\u00e1s que un\u00a0 manual y mucho m\u00e1s que\u00a0 divulgaci\u00f3n cient\u00edfica. Esta presentaci\u00f3n nos permite, en el marco de los festejos por los 30 a\u00f1os del Departamento de Publicaciones, mostrar toda la capacidad productiva y creativa de la Editorial Humanitas&#8221;.<\/p>\n<p>Santiago Rex Bliss, destac\u00f3 el hecho de que el manual fuera el resultado de un esfuerzo colectivo de estudiantes y profesores y del departamento de Publicaciones, y manifest\u00f3 que &#8220;generalmente, cuando se habla de las funciones de la universidad se piensa de manera separada en la docencia, la investigaci\u00f3n y la extensi\u00f3n. Este libro vincula y a\u00fana estas tres dimensiones: la pr\u00e1ctica docente de la c\u00e1tedra, la\u00a0 investigaci\u00f3n que lleva adelante nuestros estudiantes, docentes y tesistas; al tiempo que pone un material acad\u00e9mico al alcance de un p\u00fablico m\u00e1s amplio que el universitario, cumpliendo un rol importante de extensi\u00f3n&#8221;.<\/p>\n<p>Por su parte, la Mg. Tina Gardella, luego de agradecer a la Facultad y todas sus instancias por generar las condiciones de posibilidad para la edici\u00f3n del libro, se\u00f1al\u00f3 que los docentes, estudiantes y miembros que integran los proyectos de extensi\u00f3n de la c\u00e1tedra forman parte de &#8220;una comunidad de sentimiento, una comunidad de aprendizaje que no se queda en lo argumentativo y racional sino que pretende llegar a otras subjetividades y afectos&#8221;. Y precis\u00f3, &#8220;una comunidad para pensar qu\u00e9 es el conocimiento en la universidad, que no es -como dice Jacques Ranci\u00e8re-, una acumulaci\u00f3n de saberes, sino un posicionamiento. Si este libro puede aportar a construir ese posicionamiento, estaremos muy contentos&#8221;.<\/p>\n<p>Luego del acto protocolar, la presentaci\u00f3n del manual estuvo a cargo del Prof. Ricardo Bocos, periodista y titular de la C\u00e1tedra de Periodismo, y la Prof. Mar\u00eda Cristina Mata, Directora para el Cono Sur de la Federaci\u00f3n Latinoamericana de Facultades de Comunicaci\u00f3n Social y una destacada investigadora de la comunicaci\u00f3n, la ciudadan\u00eda, los medios de comunicaci\u00f3n y las radios comunitarias.<\/p>\n<p>El Prof. Bocos resalt\u00f3 del libro su inequ\u00edvoca dimensi\u00f3n pol\u00edtica, a trav\u00e9s de la cual se configura como un lugar de resistencia. Destac\u00f3 un fragmento del pr\u00f3logo escrito por Claudia Villamor que sostiene que &#8220;este libro no se define por ning\u00fan rasgo propio sino por su funcionamiento discursivo contrahegem\u00f3nico en el que campean conceptos elaborados de resistencia por todos\u00a0 y cada uno de sus participantes&#8221;.<\/p>\n<p>Por su parte,\u00a0Mar\u00eda Cristina Mata remarc\u00f3 que &#8220;escribir sobre lo que se ense\u00f1a y se practica es asumir la potencia de la reflexividad a trav\u00e9s de la escritura como medio de conocimiento. Es decirnos que escribiendo lo que hacemos podemos volver a aprenderlo, tomando distancia de aquello que hemos hecho, objetiv\u00e1ndolo, para que otros tambi\u00e9n\u00a0 puedan decirnos lo que opinan sobre eso&#8221;. Y agreg\u00f3, &#8220;este libro recupera la historicidad de la comunicaci\u00f3n alternativa, aqu\u00ed se esbozan los rasgos de un modo de comunicar contrahegem\u00f3nico y se muestra una voluntad de contribuir\u00a0 no una vez, sino cada d\u00eda con la posibilidad de una vida distinta&#8221;.<\/p>\n<p><a href=\"https:\/\/www.facebook.com\/pg\/filount\/photos\/?tab=album&amp;album_id=787544781581397\" target=\"_blank\" rel=\"noopener\">VER <\/a>FOTO<a href=\"https:\/\/www.facebook.com\/pg\/filount\/photos\/?tab=album&amp;album_id=787544781581397\" target=\"_blank\" rel=\"noopener\">.-<\/a><\/p>\n","protected":false},"excerpt":{"rendered":"<p>El martes 6 de noviembre, en el marco de\u00a0la XI\u00a0Jornadas Acad\u00e9micas de\u00a0Radiodifusi\u00f3n &#8220;Qui\u00e9nes y c\u00f3mo construyen comunicaci\u00f3n\u201d, organizadas por la C\u00e1tedra de Comunicaci\u00f3n Alternativa, se realiz\u00f3 la presentaci\u00f3n del manual Pr\u00e1cticas y Saberes de la Comunicaci\u00f3n Alternativa\u00a0de la Editorial Humanitas. El manual, compilado por la Mg. Mar\u00eda Ester Gardella, re\u00fane\u00a0escritos [&hellip;]<\/p>\n","protected":false},"author":101021,"featured_media":4339,"comment_status":"closed","ping_status":"closed","sticky":false,"template":"","format":"standard","meta":{"footnotes":""},"categories":[16,8,6],"tags":[],"class_list":{"0":"post-4337","1":"post","2":"type-post","3":"status-publish","4":"format-standard","5":"has-post-thumbnail","6":"hentry","7":"category-espacio-cultural","8":"category-eventos-academicos","9":"category-extension","11":"post-with-thumbnail","12":"post-with-thumbnail-large"},"_links":{"self":[{"href":"https:\/\/filo.unt.edu.ar\/noticias\/wp-json\/wp\/v2\/posts\/4337","targetHints":{"allow":["GET"]}}],"collection":[{"href":"https:\/\/filo.unt.edu.ar\/noticias\/wp-json\/wp\/v2\/posts"}],"about":[{"href":"https:\/\/filo.unt.edu.ar\/noticias\/wp-json\/wp\/v2\/types\/post"}],"author":[{"embeddable":true,"href":"https:\/\/filo.unt.edu.ar\/noticias\/wp-json\/wp\/v2\/users\/101021"}],"replies":[{"embeddable":true,"href":"https:\/\/filo.unt.edu.ar\/noticias\/wp-json\/wp\/v2\/comments?post=4337"}],"version-history":[{"count":7,"href":"https:\/\/filo.unt.edu.ar\/noticias\/wp-json\/wp\/v2\/posts\/4337\/revisions"}],"predecessor-version":[{"id":4439,"href":"https:\/\/filo.unt.edu.ar\/noticias\/wp-json\/wp\/v2\/posts\/4337\/revisions\/4439"}],"wp:featuredmedia":[{"embeddable":true,"href":"https:\/\/filo.unt.edu.ar\/noticias\/wp-json\/wp\/v2\/media\/4339"}],"wp:attachment":[{"href":"https:\/\/filo.unt.edu.ar\/noticias\/wp-json\/wp\/v2\/media?parent=4337"}],"wp:term":[{"taxonomy":"category","embeddable":true,"href":"https:\/\/filo.unt.edu.ar\/noticias\/wp-json\/wp\/v2\/categories?post=4337"},{"taxonomy":"post_tag","embeddable":true,"href":"https:\/\/filo.unt.edu.ar\/noticias\/wp-json\/wp\/v2\/tags?post=4337"}],"curies":[{"name":"wp","href":"https:\/\/api.w.org\/{rel}","templated":true}]}}