{"id":4323,"date":"2018-11-03T10:58:22","date_gmt":"2018-11-03T13:58:22","guid":{"rendered":"http:\/\/filo.unt.edu.ar\/noticias\/?p=4323"},"modified":"2018-12-03T12:30:06","modified_gmt":"2018-12-03T15:30:06","slug":"se-presento-una-nueva-edicion-de-los-nortes-del-desarrollo","status":"publish","type":"post","link":"https:\/\/filo.unt.edu.ar\/noticias\/2018\/11\/03\/se-presento-una-nueva-edicion-de-los-nortes-del-desarrollo\/","title":{"rendered":"Se present\u00f3 una nueva edici\u00f3n de &#8220;Los Nortes del Desarrollo&#8221;"},"content":{"rendered":"<p>El Ministerio de Desarrollo Social de la Provincia de Tucum\u00e1n eligi\u00f3 el Espacio Cultural de la Facultad de Filosof\u00eda y Letras para la presentaci\u00f3n de una nueva edici\u00f3n de la revista <em>Los Nortes del Desarrollo<\/em>. El acto se realiz\u00f3 el jueves 1 de noviembre.<\/p>\n<p>La publicaci\u00f3n intenta mostrar la diversidad cultural y trazar, desde all\u00ed, un rumbo que permita debatir y abordar l\u00edneas te\u00f3ricas y pr\u00e1cticas de pol\u00edticas p\u00fablicas de desarrollo. Este n\u00famero est\u00e1 acompa\u00f1ado con las ilustraciones de los destacados dibujantes C\u00e9sar Carrizo y Sejo.<\/p>\n<p>Participaron del encuentro la Lic. Ana Carrera, Subsecretaria de Ni\u00f1ez, Adolescencia y Familia del Ministerio de Desarrollo Social y Directora del Departamento de Trabajo Social de nuestra Facultad; la Lic. Eva Fontdevila, Coordinadora de Promoci\u00f3n Socio-comunitaria de la Facultad; el Dr. Dami\u00e1n Mu\u00f1oz, Defensor P\u00fablico oficial ante los Tribunales de Menores de la Ciudad Aut\u00f3noma de Buenos Aires y co-titular de la Comisi\u00f3n de Seguimiento del Tratamiento Institucional de Ni\u00f1os, Ni\u00f1as y Adolescentes de la Secretar\u00eda; el Esp. Hern\u00e1n Monath, especialista en Protecci\u00f3n de Derechos y Acceso a la Justicia de Unicef Argentina; Agustina Taibo Soler, de Andhes, y\u00a0los autores de los art\u00edculos publicados.<\/p>\n<p>Se present\u00f3 a las adolescencias desde la mirada de especialistas, pero tambi\u00e9n hubo espacios para que los adolescentes se expresaran, a trav\u00e9s de un video presentado, de una performance de baile a cargo del grupo Zona Cero, y de un recitado y canci\u00f3n de Daniela Bravo.<\/p>\n<p><a href=\"https:\/\/www.facebook.com\/pg\/filount\/photos\/?tab=album&amp;album_id=782789168723625\" target=\"_blank\" rel=\"noopener\">VER FOTOS.-<\/a><\/p>\n","protected":false},"excerpt":{"rendered":"<p>El Ministerio de Desarrollo Social de la Provincia de Tucum\u00e1n eligi\u00f3 el Espacio Cultural de la Facultad de Filosof\u00eda y Letras para la presentaci\u00f3n de una nueva edici\u00f3n de la revista Los Nortes del Desarrollo. El acto se realiz\u00f3 el jueves 1 de noviembre. La publicaci\u00f3n intenta mostrar la diversidad [&hellip;]<\/p>\n","protected":false},"author":101021,"featured_media":4324,"comment_status":"closed","ping_status":"closed","sticky":false,"template":"","format":"standard","meta":{"footnotes":""},"categories":[16,6],"tags":[],"class_list":{"0":"post-4323","1":"post","2":"type-post","3":"status-publish","4":"format-standard","5":"has-post-thumbnail","6":"hentry","7":"category-espacio-cultural","8":"category-extension","10":"post-with-thumbnail","11":"post-with-thumbnail-large"},"_links":{"self":[{"href":"https:\/\/filo.unt.edu.ar\/noticias\/wp-json\/wp\/v2\/posts\/4323","targetHints":{"allow":["GET"]}}],"collection":[{"href":"https:\/\/filo.unt.edu.ar\/noticias\/wp-json\/wp\/v2\/posts"}],"about":[{"href":"https:\/\/filo.unt.edu.ar\/noticias\/wp-json\/wp\/v2\/types\/post"}],"author":[{"embeddable":true,"href":"https:\/\/filo.unt.edu.ar\/noticias\/wp-json\/wp\/v2\/users\/101021"}],"replies":[{"embeddable":true,"href":"https:\/\/filo.unt.edu.ar\/noticias\/wp-json\/wp\/v2\/comments?post=4323"}],"version-history":[{"count":7,"href":"https:\/\/filo.unt.edu.ar\/noticias\/wp-json\/wp\/v2\/posts\/4323\/revisions"}],"predecessor-version":[{"id":4455,"href":"https:\/\/filo.unt.edu.ar\/noticias\/wp-json\/wp\/v2\/posts\/4323\/revisions\/4455"}],"wp:featuredmedia":[{"embeddable":true,"href":"https:\/\/filo.unt.edu.ar\/noticias\/wp-json\/wp\/v2\/media\/4324"}],"wp:attachment":[{"href":"https:\/\/filo.unt.edu.ar\/noticias\/wp-json\/wp\/v2\/media?parent=4323"}],"wp:term":[{"taxonomy":"category","embeddable":true,"href":"https:\/\/filo.unt.edu.ar\/noticias\/wp-json\/wp\/v2\/categories?post=4323"},{"taxonomy":"post_tag","embeddable":true,"href":"https:\/\/filo.unt.edu.ar\/noticias\/wp-json\/wp\/v2\/tags?post=4323"}],"curies":[{"name":"wp","href":"https:\/\/api.w.org\/{rel}","templated":true}]}}