{"id":4241,"date":"2018-10-08T10:33:46","date_gmt":"2018-10-08T13:33:46","guid":{"rendered":"http:\/\/filo.unt.edu.ar\/noticias\/?p=4241"},"modified":"2018-10-30T11:21:30","modified_gmt":"2018-10-30T14:21:30","slug":"jornadas-regionales-de-estudiantes-de-historia","status":"publish","type":"post","link":"https:\/\/filo.unt.edu.ar\/noticias\/2018\/10\/08\/jornadas-regionales-de-estudiantes-de-historia\/","title":{"rendered":"Jornadas Regionales de Estudiantes de Historia"},"content":{"rendered":"<p>El 3 de octubre, iniciaron las XVII Jornadas Regionales de Estudiantes de Historia bajo el t\u00f3pico \u201cA 100 a\u00f1os de la Reforma Universitaria de 1918\u201d. Las jornadas se llevaron a cabo durante los d\u00edas 4, 5 y 6 de octubre, y tuvieron como objetivo ser un espacio de formaci\u00f3n, reflexi\u00f3n y un ejercicio constante de pensamiento cr\u00edtico, de producci\u00f3n y ejercicio de la investigaci\u00f3n de historiadores e historiadoras al servicio de la sociedad.<\/p>\n<p>Las jornadas estuvieron destinadas a los estudiantes de la carrera de Historia, disciplinas afines y p\u00fablico en general y se realizaron\u00a0en el marco del aniversario n\u00famero 100 de la Reforma Universitaria de 1918 para pensar y repensar la Universidad.<\/p>\n<p>Desde la Comisi\u00f3n Organizadora, integrada s\u00f3lo por estudiantes, sostuvieron que &#8220;nuestro objetivo es hacer de estas Jornadas un espacio de formaci\u00f3n y reflexi\u00f3n, sin caer en la solemnidad de algunos espacios, nos planteamos como un espacio acad\u00e9mico, m\u00e1s no academicista, y nos constituimos como un \u00e1mbito alternativo de elaboraci\u00f3n y presentaci\u00f3n de trabajos de an\u00e1lisis e investigaci\u00f3n&#8221;.<\/p>\n<p>La mesa panel inaugural se propuso &#8220;pensar nuestra historia desde el femininismo&#8221; y estuvo a cargo de la Dra. D\u00e9bora D\u00b4Antonio de la Universidad Nacional de Buenos Aires y la Dra. Florencia Gutierrez, investigadora del CONICET y de la Universidad Nacional de Tucum\u00e1n. Tambi\u00e9n, durante las jornadas qued\u00f3 inaugurada, en el Espacio Cultural de Filosof\u00eda y Letras, la muestra &#8220;Diario de la memoria&#8221; organizada por el colectivo\u00a0La Palta. Adem\u00e1s, se realizaron ponencias y talleres.<\/p>\n<p><a href=\"https:\/\/www.facebook.com\/pg\/filount\/photos\/?tab=album&amp;album_id=767057276963481\" target=\"_blank\" rel=\"noopener\">VER FOTOS.-<\/a><\/p>\n","protected":false},"excerpt":{"rendered":"<p>El 3 de octubre, iniciaron las XVII Jornadas Regionales de Estudiantes de Historia bajo el t\u00f3pico \u201cA 100 a\u00f1os de la Reforma Universitaria de 1918\u201d. Las jornadas se llevaron a cabo durante los d\u00edas 4, 5 y 6 de octubre, y tuvieron como objetivo ser un espacio de formaci\u00f3n, reflexi\u00f3n [&hellip;]<\/p>\n","protected":false},"author":101021,"featured_media":4243,"comment_status":"closed","ping_status":"closed","sticky":false,"template":"","format":"standard","meta":{"footnotes":""},"categories":[16,8,6],"tags":[],"class_list":{"0":"post-4241","1":"post","2":"type-post","3":"status-publish","4":"format-standard","5":"has-post-thumbnail","6":"hentry","7":"category-espacio-cultural","8":"category-eventos-academicos","9":"category-extension","11":"post-with-thumbnail","12":"post-with-thumbnail-large"},"_links":{"self":[{"href":"https:\/\/filo.unt.edu.ar\/noticias\/wp-json\/wp\/v2\/posts\/4241","targetHints":{"allow":["GET"]}}],"collection":[{"href":"https:\/\/filo.unt.edu.ar\/noticias\/wp-json\/wp\/v2\/posts"}],"about":[{"href":"https:\/\/filo.unt.edu.ar\/noticias\/wp-json\/wp\/v2\/types\/post"}],"author":[{"embeddable":true,"href":"https:\/\/filo.unt.edu.ar\/noticias\/wp-json\/wp\/v2\/users\/101021"}],"replies":[{"embeddable":true,"href":"https:\/\/filo.unt.edu.ar\/noticias\/wp-json\/wp\/v2\/comments?post=4241"}],"version-history":[{"count":5,"href":"https:\/\/filo.unt.edu.ar\/noticias\/wp-json\/wp\/v2\/posts\/4241\/revisions"}],"predecessor-version":[{"id":4252,"href":"https:\/\/filo.unt.edu.ar\/noticias\/wp-json\/wp\/v2\/posts\/4241\/revisions\/4252"}],"wp:featuredmedia":[{"embeddable":true,"href":"https:\/\/filo.unt.edu.ar\/noticias\/wp-json\/wp\/v2\/media\/4243"}],"wp:attachment":[{"href":"https:\/\/filo.unt.edu.ar\/noticias\/wp-json\/wp\/v2\/media?parent=4241"}],"wp:term":[{"taxonomy":"category","embeddable":true,"href":"https:\/\/filo.unt.edu.ar\/noticias\/wp-json\/wp\/v2\/categories?post=4241"},{"taxonomy":"post_tag","embeddable":true,"href":"https:\/\/filo.unt.edu.ar\/noticias\/wp-json\/wp\/v2\/tags?post=4241"}],"curies":[{"name":"wp","href":"https:\/\/api.w.org\/{rel}","templated":true}]}}