{"id":4225,"date":"2018-10-05T12:21:22","date_gmt":"2018-10-05T15:21:22","guid":{"rendered":"http:\/\/filo.unt.edu.ar\/noticias\/?p=4225"},"modified":"2018-10-30T11:12:06","modified_gmt":"2018-10-30T14:12:06","slug":"wittgenstein-y-el-debate-epistemologico-contemporaneo-segun-el-dr-javier-vilanova-arias-universidad-complutense-de-madrid","status":"publish","type":"post","link":"https:\/\/filo.unt.edu.ar\/noticias\/2018\/10\/05\/wittgenstein-y-el-debate-epistemologico-contemporaneo-segun-el-dr-javier-vilanova-arias-universidad-complutense-de-madrid\/","title":{"rendered":"Wittgenstein y el debate epistemol\u00f3gico contempor\u00e1neo seg\u00fan el Dr. Javier Vilanova Arias (Universidad Complutense de Madrid)"},"content":{"rendered":"<div id=\"pl-4225\"  class=\"panel-layout\" ><div id=\"pg-4225-0\"  class=\"panel-grid panel-no-style\" ><div id=\"pgc-4225-0-0\"  class=\"panel-grid-cell\" ><div id=\"panel-4225-0-0-0\" class=\"so-panel widget widget_black-studio-tinymce widget_black_studio_tinymce panel-first-child panel-last-child\" data-index=\"0\" ><div class=\"textwidget\"><p>El martes 2 de octubre, se ofreci\u00f3 la Conferencia \"Usando a Wittgenstein en el debate epistemol\u00f3gico contempor\u00e1neo: una actitud `realista\u00b4\" a cargo del Dr. Javier Vilanova Arias (Universidad Complutense de Madrid). La misma estuvo organizada por el Centro de Estudios Modernos y el Proyecto de Investigaci\u00f3n dirigido por el Dr. Andr\u00e9s Stisman que indaga acerca del las problemas y perspectivas contempor\u00e1neas del lenguaje, el conocimiento y el mundo.\u00a0<\/p>\n<p>El Dr. Vilanova Arias estudi\u00f3 Filosof\u00eda en la Universidad de Santiago de Compostela, donde tambi\u00e9n se doctor\u00f3 en 1996. Actualmente, y desde 1997, se desempe\u00f1a como docente e investigador en\u00a0el Departamento de L\u00f3gica y Filosof\u00eda de la Ciencia de la Universidad Complutense de Madrid.\u00a0Su labor como inviestigador lo llev\u00f3 a realizar estancias en la Universidad de Lodz, en el Instituto de Investigaciones Filos\u00f3ficas de la UNAM de M\u00e9xico, en la Universidad de Stanford y en el CRRAR de la Universidad de Windsor. Ha trabajado en temas de filosof\u00eda de la l\u00f3gica, de filosof\u00eda del lenguaje; sobre teor\u00edas de la argumentaci\u00f3n, filosof\u00eda de la filosof\u00eda e historia de la filosof\u00eda.\u00a0<\/p>\n<p><a href=\"https:\/\/www.facebook.com\/pg\/filount\/photos\/?tab=album&amp;album_id=766547503681125\">Ver fotos.-<\/a><\/p>\n<\/div><\/div><\/div><\/div><\/div>","protected":false},"excerpt":{"rendered":"<p>El martes 2 de octubre, se ofreci\u00f3 la Conferencia &#8220;Usando a Wittgenstein en el debate epistemol\u00f3gico contempor\u00e1neo: una actitud `realista\u00b4&#8221; a cargo del Dr. Javier Vilanova Arias (Universidad Complutense de Madrid). La misma estuvo organizada por el Centro de Estudios Modernos y el Proyecto de Investigaci\u00f3n dirigido por el Dr. [&hellip;]<\/p>\n","protected":false},"author":3,"featured_media":4226,"comment_status":"closed","ping_status":"closed","sticky":false,"template":"","format":"standard","meta":{"footnotes":""},"categories":[8,6],"tags":[],"class_list":{"0":"post-4225","1":"post","2":"type-post","3":"status-publish","4":"format-standard","5":"has-post-thumbnail","6":"hentry","7":"category-eventos-academicos","8":"category-extension","10":"post-with-thumbnail","11":"post-with-thumbnail-large"},"_links":{"self":[{"href":"https:\/\/filo.unt.edu.ar\/noticias\/wp-json\/wp\/v2\/posts\/4225","targetHints":{"allow":["GET"]}}],"collection":[{"href":"https:\/\/filo.unt.edu.ar\/noticias\/wp-json\/wp\/v2\/posts"}],"about":[{"href":"https:\/\/filo.unt.edu.ar\/noticias\/wp-json\/wp\/v2\/types\/post"}],"author":[{"embeddable":true,"href":"https:\/\/filo.unt.edu.ar\/noticias\/wp-json\/wp\/v2\/users\/3"}],"replies":[{"embeddable":true,"href":"https:\/\/filo.unt.edu.ar\/noticias\/wp-json\/wp\/v2\/comments?post=4225"}],"version-history":[{"count":5,"href":"https:\/\/filo.unt.edu.ar\/noticias\/wp-json\/wp\/v2\/posts\/4225\/revisions"}],"predecessor-version":[{"id":4251,"href":"https:\/\/filo.unt.edu.ar\/noticias\/wp-json\/wp\/v2\/posts\/4225\/revisions\/4251"}],"wp:featuredmedia":[{"embeddable":true,"href":"https:\/\/filo.unt.edu.ar\/noticias\/wp-json\/wp\/v2\/media\/4226"}],"wp:attachment":[{"href":"https:\/\/filo.unt.edu.ar\/noticias\/wp-json\/wp\/v2\/media?parent=4225"}],"wp:term":[{"taxonomy":"category","embeddable":true,"href":"https:\/\/filo.unt.edu.ar\/noticias\/wp-json\/wp\/v2\/categories?post=4225"},{"taxonomy":"post_tag","embeddable":true,"href":"https:\/\/filo.unt.edu.ar\/noticias\/wp-json\/wp\/v2\/tags?post=4225"}],"curies":[{"name":"wp","href":"https:\/\/api.w.org\/{rel}","templated":true}]}}