{"id":4210,"date":"2018-10-24T10:44:23","date_gmt":"2018-10-24T13:44:23","guid":{"rendered":"http:\/\/filo.unt.edu.ar\/noticias\/?p=4210"},"modified":"2018-10-30T11:43:22","modified_gmt":"2018-10-30T14:43:22","slug":"orientacion-vocacional-para-jovenes-ciegos","status":"publish","type":"post","link":"https:\/\/filo.unt.edu.ar\/noticias\/2018\/10\/24\/orientacion-vocacional-para-jovenes-ciegos\/","title":{"rendered":"Orientaci\u00f3n vocacional para j\u00f3venes ciegos"},"content":{"rendered":"<div id=\"pl-4210\"  class=\"panel-layout\" ><div id=\"pg-4210-0\"  class=\"panel-grid panel-no-style\" ><div id=\"pgc-4210-0-0\"  class=\"panel-grid-cell\" ><div id=\"panel-4210-0-0-0\" class=\"so-panel widget widget_black-studio-tinymce widget_black_studio_tinymce panel-first-child panel-last-child\" data-index=\"0\" ><div class=\"textwidget\"><p>El Instituto de Orientaci\u00f3n Vocacional y Educativa (IOVE) comenz\u00f3 un proceso de orientaci\u00f3n vocacional con j\u00f3venes ciegos que concurren a la Escuela Braille y que egresar\u00e1n este a\u00f1o de la Escuela Congreso.<\/p>\n<p>Los adolescentes estuvieron acompa\u00f1ados por la Trabajadora Social y la Maestra integradora de la Escuela Braille. Recibieron informaci\u00f3n sobre las Carreras que se dictan en la Facultad y las caracter\u00edsticas de la vida universitaria.<\/p>\n<p>Al finalizar la primera reuni\u00f3n, se realiz\u00f3 una visita guiada por diversos espacios de la Facultad. El proceso fue realizado por la Directora del IOVE, Prof Alicia Alvo, y cont\u00f3 con la valiosa colaboraci\u00f3n de la Srta. Mariana Romano, alumna del \u00faltimo a\u00f1o de la Licenciatura en Letras y miembro de la Comisi\u00f3n de Discapacidad.\u00a0<\/p>\n<\/div><\/div><\/div><\/div><div id=\"pg-4210-1\"  class=\"panel-grid panel-no-style\" ><div id=\"pgc-4210-1-0\"  class=\"panel-grid-cell\" ><div id=\"panel-4210-1-0-0\" class=\"so-panel widget widget_black-studio-tinymce widget_black_studio_tinymce panel-first-child panel-last-child\" data-index=\"1\" ><div class=\"textwidget\"><p><img loading=\"lazy\" decoding=\"async\" class=\"size-medium wp-image-4214 aligncenter\" src=\"http:\/\/filo.unt.edu.ar\/noticias\/wp-content\/uploads\/sites\/74\/2018\/10\/WhatsApp-Image-2018-09-28-at-13.05.34-300x214.jpeg\" alt=\"\" width=\"300\" height=\"214\" srcset=\"https:\/\/filo.unt.edu.ar\/noticias\/wp-content\/uploads\/sites\/74\/2018\/10\/WhatsApp-Image-2018-09-28-at-13.05.34-300x214.jpeg 300w, https:\/\/filo.unt.edu.ar\/noticias\/wp-content\/uploads\/sites\/74\/2018\/10\/WhatsApp-Image-2018-09-28-at-13.05.34-768x547.jpeg 768w, https:\/\/filo.unt.edu.ar\/noticias\/wp-content\/uploads\/sites\/74\/2018\/10\/WhatsApp-Image-2018-09-28-at-13.05.34-600x428.jpeg 600w, https:\/\/filo.unt.edu.ar\/noticias\/wp-content\/uploads\/sites\/74\/2018\/10\/WhatsApp-Image-2018-09-28-at-13.05.34.jpeg 1280w\" sizes=\"auto, (max-width: 300px) 100vw, 300px\" \/><\/p>\n<\/div><\/div><\/div><div id=\"pgc-4210-1-1\"  class=\"panel-grid-cell\" ><div id=\"panel-4210-1-1-0\" class=\"so-panel widget widget_black-studio-tinymce widget_black_studio_tinymce panel-first-child panel-last-child\" data-index=\"2\" ><div class=\"textwidget\"><p><img loading=\"lazy\" decoding=\"async\" class=\"size-medium wp-image-4215 aligncenter\" src=\"http:\/\/filo.unt.edu.ar\/noticias\/wp-content\/uploads\/sites\/74\/2018\/10\/WhatsApp-Image-2018-09-28-at-13.05.31-300x169.jpeg\" alt=\"\" width=\"300\" height=\"169\" srcset=\"https:\/\/filo.unt.edu.ar\/noticias\/wp-content\/uploads\/sites\/74\/2018\/10\/WhatsApp-Image-2018-09-28-at-13.05.31-300x169.jpeg 300w, https:\/\/filo.unt.edu.ar\/noticias\/wp-content\/uploads\/sites\/74\/2018\/10\/WhatsApp-Image-2018-09-28-at-13.05.31-768x432.jpeg 768w, https:\/\/filo.unt.edu.ar\/noticias\/wp-content\/uploads\/sites\/74\/2018\/10\/WhatsApp-Image-2018-09-28-at-13.05.31-600x338.jpeg 600w, https:\/\/filo.unt.edu.ar\/noticias\/wp-content\/uploads\/sites\/74\/2018\/10\/WhatsApp-Image-2018-09-28-at-13.05.31.jpeg 1040w\" sizes=\"auto, (max-width: 300px) 100vw, 300px\" \/><\/p>\n<\/div><\/div><\/div><\/div><\/div>","protected":false},"excerpt":{"rendered":"<p>El Instituto de Orientaci\u00f3n Vocacional y Educativa (IOVE) comenz\u00f3 un proceso de orientaci\u00f3n vocacional con j\u00f3venes ciegos que concurren a la Escuela Braille y que egresar\u00e1n este a\u00f1o de la Escuela Congreso.Los adolescentes estuvieron acompa\u00f1ados por la Trabajadora Social y la Maestra integradora de la Escuela Braille. Recibieron informaci\u00f3n sobre [&hellip;]<\/p>\n","protected":false},"author":3,"featured_media":4213,"comment_status":"closed","ping_status":"closed","sticky":false,"template":"","format":"standard","meta":{"footnotes":""},"categories":[6],"tags":[],"class_list":{"0":"post-4210","1":"post","2":"type-post","3":"status-publish","4":"format-standard","5":"has-post-thumbnail","6":"hentry","7":"category-extension","9":"post-with-thumbnail","10":"post-with-thumbnail-large"},"_links":{"self":[{"href":"https:\/\/filo.unt.edu.ar\/noticias\/wp-json\/wp\/v2\/posts\/4210","targetHints":{"allow":["GET"]}}],"collection":[{"href":"https:\/\/filo.unt.edu.ar\/noticias\/wp-json\/wp\/v2\/posts"}],"about":[{"href":"https:\/\/filo.unt.edu.ar\/noticias\/wp-json\/wp\/v2\/types\/post"}],"author":[{"embeddable":true,"href":"https:\/\/filo.unt.edu.ar\/noticias\/wp-json\/wp\/v2\/users\/3"}],"replies":[{"embeddable":true,"href":"https:\/\/filo.unt.edu.ar\/noticias\/wp-json\/wp\/v2\/comments?post=4210"}],"version-history":[{"count":15,"href":"https:\/\/filo.unt.edu.ar\/noticias\/wp-json\/wp\/v2\/posts\/4210\/revisions"}],"predecessor-version":[{"id":4261,"href":"https:\/\/filo.unt.edu.ar\/noticias\/wp-json\/wp\/v2\/posts\/4210\/revisions\/4261"}],"wp:featuredmedia":[{"embeddable":true,"href":"https:\/\/filo.unt.edu.ar\/noticias\/wp-json\/wp\/v2\/media\/4213"}],"wp:attachment":[{"href":"https:\/\/filo.unt.edu.ar\/noticias\/wp-json\/wp\/v2\/media?parent=4210"}],"wp:term":[{"taxonomy":"category","embeddable":true,"href":"https:\/\/filo.unt.edu.ar\/noticias\/wp-json\/wp\/v2\/categories?post=4210"},{"taxonomy":"post_tag","embeddable":true,"href":"https:\/\/filo.unt.edu.ar\/noticias\/wp-json\/wp\/v2\/tags?post=4210"}],"curies":[{"name":"wp","href":"https:\/\/api.w.org\/{rel}","templated":true}]}}