{"id":4192,"date":"2018-10-23T14:51:24","date_gmt":"2018-10-23T17:51:24","guid":{"rendered":"http:\/\/filo.unt.edu.ar\/noticias\/?p=4192"},"modified":"2018-10-30T11:13:02","modified_gmt":"2018-10-30T14:13:02","slug":"se-inauguro-el-puente-peatonal-del-centro-prebisch","status":"publish","type":"post","link":"https:\/\/filo.unt.edu.ar\/noticias\/2018\/10\/23\/se-inauguro-el-puente-peatonal-del-centro-prebisch\/","title":{"rendered":"Se inaugur\u00f3 el puente peatonal del Centro Prebisch"},"content":{"rendered":"<p style=\"text-align: left\">El d\u00eda 23 de octubre se llev\u00f3 a cabo la inauguraci\u00f3n de la Pasarela Peatonal que une el Centro Prebisch con la Facultad de Filosof\u00eda y Letras. Participaron del acto el Ing. Jos\u00e9 Garc\u00eda, Rector de la Universidad Nacional de Tucum\u00e1n, el Sr. Germ\u00e1n Alfaro, Intendente de la Ciudad de San Miguel de Tucum\u00e1n,\u00a0la Dra, Mercedes Leal, decana de nuestra Facultad junto a\u00a0 las\u00a0Decanas Rosa\u00a0Castaldo\u00a0(Psicolog\u00eda), Liliana\u00a0Zeman\u00a0(Odontolog\u00eda), y el decano \u00a0Rub\u00e9n\u00a0Dar\u00edo\u00a0Taboada\u00a0(Educaci\u00f3n F\u00edsica), adem\u00e1s de la Diputada Nacional, Beatriz \u00c1vila e integrantes de las\u00a0 instituciones involucradas.<\/p>\n<p><!--more--><\/p>\n<p style=\"text-align: left\">La pasarela est\u00e1 construida con hormig\u00f3n pre moldeado, posee accesos con rampas con una inclinaci\u00f3n de 10\u00ba\u00a0 que permitir\u00e1 el acceso seguro a personas con discapacidad motriz y unir\u00e1 ambas aceras de la Av. Benjam\u00edn Ar\u00e1oz al 800, donde se encuentran emplazadas las paradas del transporte p\u00fablico de pasajeros.<\/p>\n<p style=\"text-align: left\">La Avenida Benjam\u00edn Ar\u00e1oz, recorre el Parque 9 de julio de este a oeste, y alberga los mencionados centros educativos,\u00a0 las actividades del Hip\u00f3dromo de Tucum\u00e1n y el Club Argentino del Norte, entre otros. Adem\u00e1s, la Avenida es uno de los principales accesos a la Ciudad de San Miguel de Tucum\u00e1n por el sur, vinculando el \u00e1rea central, v\u00eda Ruta Nacional N\u00ba 9, con n\u00fameros municipios y otras provincias. Estas caracter\u00edsticas hacen que la Avenida tenga un elevado tr\u00e1nsito vehicular convirti\u00e9ndola en un riesgo para el flujo peatonal.<\/p>\n<p style=\"text-align: left\">La Dra. Mercedes Leal, en el marco de la inauguraci\u00f3n de la pasarela, sostuvo que \u201cel puente peatonal es un pedido de larga data que viene a dar una respuesta a la comunidad universitaria de docentes, no docentes y estudiantes que transitan y acceden a las distintas casas de altos estudios del predio. Pero tambi\u00e9n para los vecinos de la zona\u201d. Y agreg\u00f3: \u201ccreemos que es un punto de partida importante pero viene ahora una etapa no menos importante de educaci\u00f3n vial. Porque no hay una pr\u00e1ctica social de uso de estas pasarelas peatonales. Por eso, nos parece importante seguir articulando pol\u00edticas con el municipio y la provincia para trabajar en esta dimensi\u00f3n\u201d.<\/p>\n<p style=\"text-align: left\">El Ing. Jos\u00e9 Garc\u00eda, puso el acento en los pasos que permitieron la gesti\u00f3n de la pasarela. \u201cEsta es una obra que, conjuntamente, con los Decanos y el rectorado, solicitamos al Intendente Germ\u00e1n Alfaro en funci\u00f3n de un accidente en el que perdi\u00f3 la vida uno de nuestros estudiantes. La materializaci\u00f3n de la obra se realiz\u00f3 de manera expeditiva desde que se hizo el pedido y el Intendente se comprometi\u00f3 a realizarla\u201d.<\/p>\n<p style=\"text-align: left\">Por su parte Germ\u00e1n Alfaro, destac\u00f3 que este trabajo se llev\u00f3 a cabo de manera conjunta entre la intendencia de San Miguel de Tucum\u00e1n y la Universidad, en el que la municipalidad a brindando la infraestructura necesaria para que se realice\u201d.<\/p>\n","protected":false},"excerpt":{"rendered":"<p>El d\u00eda 23 de octubre se llev\u00f3 a cabo la inauguraci\u00f3n de la Pasarela Peatonal que une el Centro Prebisch con la Facultad de Filosof\u00eda y Letras. Participaron del acto el Ing. Jos\u00e9 Garc\u00eda, Rector de la Universidad Nacional de Tucum\u00e1n, el Sr. Germ\u00e1n Alfaro, Intendente de la Ciudad de [&hellip;]<\/p>\n","protected":false},"author":101021,"featured_media":4205,"comment_status":"closed","ping_status":"closed","sticky":false,"template":"","format":"standard","meta":{"footnotes":""},"categories":[14,12],"tags":[],"class_list":{"0":"post-4192","1":"post","2":"type-post","3":"status-publish","4":"format-standard","5":"has-post-thumbnail","6":"hentry","7":"category-destacadas","8":"category-gestion","10":"post-with-thumbnail","11":"post-with-thumbnail-large"},"_links":{"self":[{"href":"https:\/\/filo.unt.edu.ar\/noticias\/wp-json\/wp\/v2\/posts\/4192","targetHints":{"allow":["GET"]}}],"collection":[{"href":"https:\/\/filo.unt.edu.ar\/noticias\/wp-json\/wp\/v2\/posts"}],"about":[{"href":"https:\/\/filo.unt.edu.ar\/noticias\/wp-json\/wp\/v2\/types\/post"}],"author":[{"embeddable":true,"href":"https:\/\/filo.unt.edu.ar\/noticias\/wp-json\/wp\/v2\/users\/101021"}],"replies":[{"embeddable":true,"href":"https:\/\/filo.unt.edu.ar\/noticias\/wp-json\/wp\/v2\/comments?post=4192"}],"version-history":[{"count":10,"href":"https:\/\/filo.unt.edu.ar\/noticias\/wp-json\/wp\/v2\/posts\/4192\/revisions"}],"predecessor-version":[{"id":4204,"href":"https:\/\/filo.unt.edu.ar\/noticias\/wp-json\/wp\/v2\/posts\/4192\/revisions\/4204"}],"wp:featuredmedia":[{"embeddable":true,"href":"https:\/\/filo.unt.edu.ar\/noticias\/wp-json\/wp\/v2\/media\/4205"}],"wp:attachment":[{"href":"https:\/\/filo.unt.edu.ar\/noticias\/wp-json\/wp\/v2\/media?parent=4192"}],"wp:term":[{"taxonomy":"category","embeddable":true,"href":"https:\/\/filo.unt.edu.ar\/noticias\/wp-json\/wp\/v2\/categories?post=4192"},{"taxonomy":"post_tag","embeddable":true,"href":"https:\/\/filo.unt.edu.ar\/noticias\/wp-json\/wp\/v2\/tags?post=4192"}],"curies":[{"name":"wp","href":"https:\/\/api.w.org\/{rel}","templated":true}]}}