{"id":4183,"date":"2018-10-22T10:30:44","date_gmt":"2018-10-22T13:30:44","guid":{"rendered":"http:\/\/filo.unt.edu.ar\/noticias\/?p=4183"},"modified":"2018-10-30T11:38:18","modified_gmt":"2018-10-30T14:38:18","slug":"1-jornadas-provinciales-de-trabajo-social","status":"publish","type":"post","link":"https:\/\/filo.unt.edu.ar\/noticias\/2018\/10\/22\/1-jornadas-provinciales-de-trabajo-social\/","title":{"rendered":"Primeras Jornadas Provinciales de Trabajo Social"},"content":{"rendered":"<p>El 18 de octubre se llevaron a cabo las primeras Jornadas Provinciales de Trabajo Social en la Facultad de Filosof\u00eda y Letras, bajo la tem\u00e1tica &#8220;Pol\u00edticas Sociales: Tensiones actuales en la formaci\u00f3n y el ejercicio profesional&#8221;.<\/p>\n<p>Las jornadas fueron organizadas por el Departamento de Trabajo Social y el Colegio de Profesionales en Servicio o Trabajo Social y se propusieron continuar con un proceso de di\u00e1logo, an\u00e1lisis y construcci\u00f3n plural y colectiva, al interior de la disciplina, convocando al conjunto de actores involucrados.<\/p>\n<p>De la mesa de apertura participaron la Dra. Mercedes Leal, decana de nuestra casa de altos estudios; el Dr. Gabriel Yedlin, ministro de Desarrollo Social de la provincia de Tucum\u00e1n; \u00a0la Lic. Ana Carrera, directora de la carrera de Trabajo Social y subsecretaria de Ni\u00f1ez, Adolescencia y Familia; y la presidenta del Colegio de Profesionales en Servicio o Trabajo Social, Silvia Costaz.<\/p>\n<p>La Dra. Leal, expres\u00f3 el orgullo que implica la realizaci\u00f3n de este tipo de jornadas: &#8220;estos espacio de reflexi\u00f3n resultan imprescindibles, sobre todo cuando el eje central est\u00e1 puesto en revisar la formaci\u00f3n acad\u00e9mica de los egresados de la carrera y la problem\u00e1tica que encierra su desarrollo como profesional.&#8221; Y destac\u00f3, &#8220;es muy importante contar con la presencia y el compromiso tanto del Ministro de Desarrollo Social -ya que nuestra casa de estudios se nutre de la articulaci\u00f3n con las pol\u00edticas p\u00fablicas-, como de las y los referentes del colegio de profesionales de Trabajo Social\u201d.<\/p>\n<p>Por su parte, el ministro Yedlin expres\u00f3: \u201cestoy muy agradecido, una vez m\u00e1s, por la invitaci\u00f3n. Es muy virtuoso trabajar peri\u00f3dicamente junto a la Facultad de Filosof\u00eda y Letras, que cuenta con una serie de carreras muy cercanas a las necesidades sociales y nos nutre de recursos humanos y excelentes trabajos de campo e investigaci\u00f3n. Gran parte de nuestro equipo de trabajo del ministerio est\u00e1 formado por trabajadores sociales, que nos aportan su capacidad t\u00e9cnica, conocimientos y mirada diferente para abordar temas complejos en el \u00e1rea social&#8221;. Y enfatiz\u00f3: &#8220;toda relaci\u00f3n entre la academia y Desarrollo Social es virtuosa, as\u00ed que felicito a los organizadores de este tipo de espacios y a las prestigiosas expositoras, que nos ayudan a pensar e interpretar la problem\u00e1tica social para as\u00ed tomar las mejores decisiones\u201d.<\/p>\n<p>En su intervenci\u00f3n, Silvia Costaz puso sobre relieve el car\u00e1cter abierto y participativo de las jornadas. &#8220;Los profesionales y estudiantes han podido presentar producciones en relaci\u00f3n a las sistematizaci\u00f3n de las pr\u00e1cticas y los desaf\u00edos de las pr\u00e1cticas profesionalizantes, que suman un total de 35 trabajos que representan la realidad de toda la provincia&#8221;. Asimismo, relat\u00f3 que &#8220;est\u00e1 previsto compartir espacios de conversatorios, en relaci\u00f3n a la historia y los procesos de empobrecimiento de la provincia vinculados al operativo independencia y al cierre de los ingenios&#8221;.<\/p>\n<p>Por \u00faltimo, la Lic. Carrera manifest\u00f3: \u201cestoy muy contenta de esta doble funci\u00f3n que me toca en estas jornadas, acompa\u00f1ando a la Facultad de Filosof\u00eda y Letras y al Ministerio de Desarrollo Social, con el objetivo de fortalecer los v\u00ednculos de trabajo entre ambas instituciones. Contamos con expositores de lujo, especialistas en distintas tem\u00e1ticas sociales y con el aporte de materiales te\u00f3ricos, audiovisuales y trabajos de investigaci\u00f3n de colegas y alumnos de la facultad\u201d.<\/p>\n<p>Las \u201cI Jornadas Provinciales de Trabajo Social&#8221; congregaron muchos asistentes y contaron con la comprometida participaci\u00f3n de estudiantes, docentes y egresados de la carrera. Adem\u00e1s de las mesas de trabajo, en el marco del encuentro se llevaron a cabo la proyecci\u00f3n de la Serie de videos documentales \u201cTodav\u00eda Sangra\u201d de LUPA -Productora Audiovisual de la Facultad-; el Taller de la Escuelita de Famaill\u00e1 \u201cEspacio para la memoria y la promoci\u00f3n de Derechos Humanos\u201d, a cargo del Prof. Adri\u00e1n Bar\u00f3n; y el conversatorio con la Mg. Mar\u00eda Amelia de Luc\u00eda (Universidad de Buenos Aires) \u201cEl Lenguaje siempre traiciona la experiencia: Los desaf\u00edos de escribir las pr\u00e1cticas\u201d. Tambi\u00e9n, durante todo el encuentro<span style=\"font-weight: 400\">, se mont\u00f3 una colorida feria de artesan\u00edas y alimentos,\u00a0<\/span><span style=\"font-weight: 400\">organizada por la Subsecretaria De Estado De Econom\u00eda Social Y Solidaria.<\/span><\/p>\n<p><a href=\"https:\/\/www.facebook.com\/pg\/filount\/photos\/?tab=album&amp;album_id=775490726120136&amp;__xts__%5B0%5D=68.ARBjCcry_DqchFm_99K9P_iyiiwdnM-NK51AtUhep_GpqKj9gy9WkCKPR1BffEMZXqlMizXSps3_hZBQP8CThpjAJfbCY30g97qnQGjsEWg0sKLlvAIZu__bWhDScLh6wccEHAyd5WyPx2-P1L7wjWayj4R_lKuEZWrWWql13PKf6HAkky2w&amp;__tn__=-UC-R\" target=\"_blank\" rel=\"noopener\">VER FOTOS.-<\/a><\/p>\n","protected":false},"excerpt":{"rendered":"<p>El 18 de octubre se llevaron a cabo las primeras Jornadas Provinciales de Trabajo Social en la Facultad de Filosof\u00eda y Letras, bajo la tem\u00e1tica &#8220;Pol\u00edticas Sociales: Tensiones actuales en la formaci\u00f3n y el ejercicio profesional&#8221;. Las jornadas fueron organizadas por el Departamento de Trabajo Social y el Colegio de [&hellip;]<\/p>\n","protected":false},"author":101021,"featured_media":4184,"comment_status":"closed","ping_status":"closed","sticky":false,"template":"","format":"standard","meta":{"footnotes":""},"categories":[8,6],"tags":[],"class_list":{"0":"post-4183","1":"post","2":"type-post","3":"status-publish","4":"format-standard","5":"has-post-thumbnail","6":"hentry","7":"category-eventos-academicos","8":"category-extension","10":"post-with-thumbnail","11":"post-with-thumbnail-large"},"_links":{"self":[{"href":"https:\/\/filo.unt.edu.ar\/noticias\/wp-json\/wp\/v2\/posts\/4183","targetHints":{"allow":["GET"]}}],"collection":[{"href":"https:\/\/filo.unt.edu.ar\/noticias\/wp-json\/wp\/v2\/posts"}],"about":[{"href":"https:\/\/filo.unt.edu.ar\/noticias\/wp-json\/wp\/v2\/types\/post"}],"author":[{"embeddable":true,"href":"https:\/\/filo.unt.edu.ar\/noticias\/wp-json\/wp\/v2\/users\/101021"}],"replies":[{"embeddable":true,"href":"https:\/\/filo.unt.edu.ar\/noticias\/wp-json\/wp\/v2\/comments?post=4183"}],"version-history":[{"count":8,"href":"https:\/\/filo.unt.edu.ar\/noticias\/wp-json\/wp\/v2\/posts\/4183\/revisions"}],"predecessor-version":[{"id":4260,"href":"https:\/\/filo.unt.edu.ar\/noticias\/wp-json\/wp\/v2\/posts\/4183\/revisions\/4260"}],"wp:featuredmedia":[{"embeddable":true,"href":"https:\/\/filo.unt.edu.ar\/noticias\/wp-json\/wp\/v2\/media\/4184"}],"wp:attachment":[{"href":"https:\/\/filo.unt.edu.ar\/noticias\/wp-json\/wp\/v2\/media?parent=4183"}],"wp:term":[{"taxonomy":"category","embeddable":true,"href":"https:\/\/filo.unt.edu.ar\/noticias\/wp-json\/wp\/v2\/categories?post=4183"},{"taxonomy":"post_tag","embeddable":true,"href":"https:\/\/filo.unt.edu.ar\/noticias\/wp-json\/wp\/v2\/tags?post=4183"}],"curies":[{"name":"wp","href":"https:\/\/api.w.org\/{rel}","templated":true}]}}