{"id":4181,"date":"2018-10-22T12:46:42","date_gmt":"2018-10-22T15:46:42","guid":{"rendered":"http:\/\/filo.unt.edu.ar\/noticias\/?p=4181"},"modified":"2018-11-01T12:19:52","modified_gmt":"2018-11-01T15:19:52","slug":"congreso-historia-de-los-municipios-y-pueblos","status":"publish","type":"post","link":"https:\/\/filo.unt.edu.ar\/noticias\/2018\/10\/22\/congreso-historia-de-los-municipios-y-pueblos\/","title":{"rendered":"Congreso &#8220;Historia de los Municipios y Pueblos&#8221;"},"content":{"rendered":"<p>Entre los d\u00edas 17 y 19 de octubre se llev\u00f3 a cabo el &#8220;Primer Congreso de los municipios y pueblos de Tucum\u00e1n y el noroeste\u201d, organizado por el Instituto de Estudios Hist\u00f3ricos Ram\u00f3n Leoni Pinto de nuestra Facultad y la Municipalidad de Taf\u00ed Viejo.<\/p>\n<p>El 17 se realiz\u00f3 la apertura y de la mesa inaugural participaron el Secretario de Educaci\u00f3n y Vinculaci\u00f3n Estrat\u00e9gica del municipio vecino, Prof. Oscar Barrionuevo; el Prof. Sergio Rob\u00edn, Secretario Acad\u00e9mico de Filosof\u00eda y Letras; la Dra. Gabriela T\u00edo Vallejo, representando al Instituto; y el historiador tafice\u00f1o Carlos Alberto Enrico. El acto se llev\u00f3 a cabo en el Teatro Sociedad Espa\u00f1ola de Taf\u00ed Viejo y asistieron -adem\u00e1s de autoridades-, estudiantes y vecinos de la zona.<\/p>\n<p>Las actividades continuaron durante los d\u00edas 18 y 19 en la Hoster\u00eda &#8220;Atahualpa Yupanqui&#8221; con la exposici\u00f3n de 56 trabajos de investigaci\u00f3n de historiadores locales y de La Rioja, Catamarca, Santiago del Estero y Salta. De esta manera se cumpli\u00f3 con el objetivo de reunir, en un mismo espacio, al mundo de los universitarios y al de los artesanos de las historias locales. &#8220;Estimamos superadas nuestras primeras expectativas en cuanto a la asistencia y calidad de las ponencias presentadas, y prometemos redoblar nuestros esfuerzos para volver a concretar en el futuro un 2\u00ba Congreso&#8221;, afirm\u00f3 el Prof. Oscar Pavetti, organizador del encuentro. En su discurso de bienvenida agradeci\u00f3 al Se\u00f1or Intendente de la ciudad de Taf\u00ed Viejo, Dr. Javier Noguera, y al Prof. Oscar Barrionuevo, por el apoyo recibido. Asimismo, mencion\u00f3 el acompa\u00f1amiento de las autoridades de la Facultad; y la dedicaci\u00f3n de la Sra. Secretaria Natalia Zamorano. &#8220;Un reconocimiento especial a nuestros alumnos y colegas docentes, integrantes del Instituto de Investigaciones Hist\u00f3ricas \u201cDr. Ram\u00f3n Leoni Pinto\u201d, por su presencia y participaci\u00f3n entusiasta ya que posibilitaron el \u00e9xito del evento&#8221;, concluy\u00f3.<\/p>\n<p>El Congreso finaliz\u00f3 con un brindis del que participaron el Intendente de Taf\u00ed Viejo, la Decana de nuestra Facultad, organizadores, otras autoridades y asistentes.<\/p>\n<p><a href=\"https:\/\/www.facebook.com\/254943048174909\/photos\/?tab=album&amp;album_id=774950752840800\" target=\"_blank\" rel=\"noopener\">Ver Fotos.-<\/a><\/p>\n","protected":false},"excerpt":{"rendered":"<p>Entre los d\u00edas 17 y 19 de octubre se llev\u00f3 a cabo el &#8220;Primer Congreso de los municipios y pueblos de Tucum\u00e1n y el noroeste\u201d, organizado por el Instituto de Estudios Hist\u00f3ricos Ram\u00f3n Leoni Pinto de nuestra Facultad y la Municipalidad de Taf\u00ed Viejo. El 17 se realiz\u00f3 la apertura [&hellip;]<\/p>\n","protected":false},"author":101013,"featured_media":4240,"comment_status":"closed","ping_status":"closed","sticky":false,"template":"","format":"standard","meta":{"footnotes":""},"categories":[8,6],"tags":[],"class_list":{"0":"post-4181","1":"post","2":"type-post","3":"status-publish","4":"format-standard","5":"has-post-thumbnail","6":"hentry","7":"category-eventos-academicos","8":"category-extension","10":"post-with-thumbnail","11":"post-with-thumbnail-large"},"_links":{"self":[{"href":"https:\/\/filo.unt.edu.ar\/noticias\/wp-json\/wp\/v2\/posts\/4181","targetHints":{"allow":["GET"]}}],"collection":[{"href":"https:\/\/filo.unt.edu.ar\/noticias\/wp-json\/wp\/v2\/posts"}],"about":[{"href":"https:\/\/filo.unt.edu.ar\/noticias\/wp-json\/wp\/v2\/types\/post"}],"author":[{"embeddable":true,"href":"https:\/\/filo.unt.edu.ar\/noticias\/wp-json\/wp\/v2\/users\/101013"}],"replies":[{"embeddable":true,"href":"https:\/\/filo.unt.edu.ar\/noticias\/wp-json\/wp\/v2\/comments?post=4181"}],"version-history":[{"count":11,"href":"https:\/\/filo.unt.edu.ar\/noticias\/wp-json\/wp\/v2\/posts\/4181\/revisions"}],"predecessor-version":[{"id":4302,"href":"https:\/\/filo.unt.edu.ar\/noticias\/wp-json\/wp\/v2\/posts\/4181\/revisions\/4302"}],"wp:featuredmedia":[{"embeddable":true,"href":"https:\/\/filo.unt.edu.ar\/noticias\/wp-json\/wp\/v2\/media\/4240"}],"wp:attachment":[{"href":"https:\/\/filo.unt.edu.ar\/noticias\/wp-json\/wp\/v2\/media?parent=4181"}],"wp:term":[{"taxonomy":"category","embeddable":true,"href":"https:\/\/filo.unt.edu.ar\/noticias\/wp-json\/wp\/v2\/categories?post=4181"},{"taxonomy":"post_tag","embeddable":true,"href":"https:\/\/filo.unt.edu.ar\/noticias\/wp-json\/wp\/v2\/tags?post=4181"}],"curies":[{"name":"wp","href":"https:\/\/api.w.org\/{rel}","templated":true}]}}