{"id":4130,"date":"2018-09-29T16:10:03","date_gmt":"2018-09-29T19:10:03","guid":{"rendered":"http:\/\/filo.unt.edu.ar\/noticias\/?p=4130"},"modified":"2018-10-16T22:58:44","modified_gmt":"2018-10-17T01:58:44","slug":"septiembre-musical-en-filosofia-y-letras","status":"publish","type":"post","link":"https:\/\/filo.unt.edu.ar\/noticias\/2018\/09\/29\/septiembre-musical-en-filosofia-y-letras\/","title":{"rendered":"Septiembre Musical en Filosof\u00eda y Letras"},"content":{"rendered":"<div id=\"pl-4130\"  class=\"panel-layout\" ><div id=\"pg-4130-0\"  class=\"panel-grid panel-no-style\" ><div id=\"pgc-4130-0-0\"  class=\"panel-grid-cell\" ><div id=\"panel-4130-0-0-0\" class=\"so-panel widget widget_black-studio-tinymce widget_black_studio_tinymce panel-first-child panel-last-child\" data-index=\"0\" ><div class=\"textwidget\"><p><span style=\"font-weight: 400;font-family: georgia, palatino, serif;font-size: 12pt\">En el marco del 58\u00ba Septiembre musical, el Espacio Cultural fue sede de varias de las propuestas que incluy\u00f3 este tradicional festival. <\/span><\/p>\n<p><span style=\"font-family: georgia, palatino, serif;font-size: 12pt\"><span style=\"font-weight: 400\">El viernes 7 comenz\u00f3 el <\/span><span style=\"font-weight: 400\">Ciclo de Concierto Coral de la Asociaci\u00f3n de Directores de Coro de la Rep\u00fablica Argentina (ADICORA) con la participaci\u00f3n de<\/span><span style=\"font-weight: 400\">l Coro del Colegio de Psic\u00f3logos, que dirige <\/span>Adri\u00e1n Mendoza;\u00a0el Coro de la Municipalidad de Ni\u00f1os, a cargo de Mariana Stambole y el Coro de la Ciudad, conducido por Eva Alonso.<\/span><\/p>\n<p><span style=\"font-family: georgia, palatino, serif;font-size: 12pt\"><span style=\"font-weight: 400\">El mi\u00e9rcoles 27 de septiembre fue el turno del Festival de la Canci\u00f3n V\u00edctor Jara en el que participaron \u00a0compositores e int\u00e9rpretes de la provincia de Tucum\u00e1n. El encuentro, organizado por el <\/span><span style=\"font-weight: 400\">colectivo Canci\u00f3n en Movimiento y por Verde Eucalipto, convoc\u00f3 a lxs tucumanxs <\/span>Carlos And\u00fajar<span style=\"font-weight: 400\">, <\/span>Alejandro Kapl\u00e1n<span style=\"font-weight: 400\">, <\/span>Jorge Stojan<span style=\"font-weight: 400\">, <\/span>Indio Cansinos<span style=\"font-weight: 400\">, <\/span>Flavio Viera<span style=\"font-weight: 400\">, <\/span>Mart\u00edn Garc\u00eda<span style=\"font-weight: 400\"> y <\/span>Ana Jeger bajo el lema <span style=\"font-weight: 400\">\u201cTras la guitarra siempre habr\u00e1 una voz\u201d.<\/span><\/span><\/p>\n<p><a href=\"https:\/\/www.facebook.com\/pg\/filount\/photos\/?tab=album&amp;album_id=754691208200088\">Ver Fotos Ciclo Adicora.-<\/a><\/p>\n<p><a href=\"https:\/\/www.facebook.com\/pg\/filount\/photos\/?tab=album&amp;album_id=764339243901951\">Ver Fotos Festival V\u00edctor Jara.-<\/a><\/p>\n<\/div><\/div><\/div><\/div><\/div>","protected":false},"excerpt":{"rendered":"<p>En el marco del 58\u00ba Septiembre musical, el Espacio Cultural fue sede de varias de las propuestas que incluy\u00f3 este tradicional festival. El viernes 7 comenz\u00f3 el Ciclo de Concierto Coral de la Asociaci\u00f3n de Directores de Coro de la Rep\u00fablica Argentina (ADICORA) con la participaci\u00f3n del Coro del Colegio [&hellip;]<\/p>\n","protected":false},"author":3,"featured_media":4133,"comment_status":"closed","ping_status":"closed","sticky":false,"template":"","format":"standard","meta":{"footnotes":""},"categories":[6],"tags":[],"class_list":{"0":"post-4130","1":"post","2":"type-post","3":"status-publish","4":"format-standard","5":"has-post-thumbnail","6":"hentry","7":"category-extension","9":"post-with-thumbnail","10":"post-with-thumbnail-large"},"_links":{"self":[{"href":"https:\/\/filo.unt.edu.ar\/noticias\/wp-json\/wp\/v2\/posts\/4130","targetHints":{"allow":["GET"]}}],"collection":[{"href":"https:\/\/filo.unt.edu.ar\/noticias\/wp-json\/wp\/v2\/posts"}],"about":[{"href":"https:\/\/filo.unt.edu.ar\/noticias\/wp-json\/wp\/v2\/types\/post"}],"author":[{"embeddable":true,"href":"https:\/\/filo.unt.edu.ar\/noticias\/wp-json\/wp\/v2\/users\/3"}],"replies":[{"embeddable":true,"href":"https:\/\/filo.unt.edu.ar\/noticias\/wp-json\/wp\/v2\/comments?post=4130"}],"version-history":[{"count":11,"href":"https:\/\/filo.unt.edu.ar\/noticias\/wp-json\/wp\/v2\/posts\/4130\/revisions"}],"predecessor-version":[{"id":4151,"href":"https:\/\/filo.unt.edu.ar\/noticias\/wp-json\/wp\/v2\/posts\/4130\/revisions\/4151"}],"wp:featuredmedia":[{"embeddable":true,"href":"https:\/\/filo.unt.edu.ar\/noticias\/wp-json\/wp\/v2\/media\/4133"}],"wp:attachment":[{"href":"https:\/\/filo.unt.edu.ar\/noticias\/wp-json\/wp\/v2\/media?parent=4130"}],"wp:term":[{"taxonomy":"category","embeddable":true,"href":"https:\/\/filo.unt.edu.ar\/noticias\/wp-json\/wp\/v2\/categories?post=4130"},{"taxonomy":"post_tag","embeddable":true,"href":"https:\/\/filo.unt.edu.ar\/noticias\/wp-json\/wp\/v2\/tags?post=4130"}],"curies":[{"name":"wp","href":"https:\/\/api.w.org\/{rel}","templated":true}]}}