{"id":4110,"date":"2018-09-29T15:48:39","date_gmt":"2018-09-29T18:48:39","guid":{"rendered":"http:\/\/filo.unt.edu.ar\/noticias\/?p=4110"},"modified":"2018-10-16T16:31:24","modified_gmt":"2018-10-16T19:31:24","slug":"charla-sobreestudiar-en-alemania","status":"publish","type":"post","link":"https:\/\/filo.unt.edu.ar\/noticias\/2018\/09\/29\/charla-sobreestudiar-en-alemania\/","title":{"rendered":"Charla sobre&#8221;Estudiar en Alemania&#8221;"},"content":{"rendered":"<p>El viernes 28 de septiembre se realiz\u00f3, en la Facultad de Filosof\u00eda y Letras, la charla &#8220;Estudiar en Alemania&#8221;, como parte de los programas del Servicio Alem\u00e1n de Intercambio Acad\u00e9mico (DAAD). La actividad estuvo organizada por la\u00a0Coordinadora de Relaciones Internacionales, Lic. Solana Mizrahi y la Secretar\u00eda de Posgrado e Investigaci\u00f3n.<\/p>\n<p>La DAAD es una asociaci\u00f3n civil sin fines de lucro integrada por las instituciones de educaci\u00f3n superior y las comunidades estudiantiles de la Rep\u00fablica Federal de Alemania.\u00a0 Desde su fundaci\u00f3n, en 1925, se ha convertido en la principal organizaci\u00f3n a nivel mundial en promover el intercambio internacional de estudiantes y cient\u00edficos.<\/p>\n<p>El objetivo de la charla, que estuvo a cargo de la Prof. Judith Lehmann, fue poner en com\u00fan el programa de becas para estudiantes de carrera de grado, graduados y cient\u00edficos doctorados. La Prof. Lehman relat\u00f3 las bondades para estudiar e investigar en Alemania, enumerando: \u201cprimero, la excelencia en investigaci\u00f3n y docencia, los investigadores de todo el mundo realizan proyectos de investigaci\u00f3n y, al mismo tiempo, dedican tiempo a la docencia. Un segundo aspecto es el estrecho v\u00ednculo entre teor\u00eda y pr\u00e1ctica que proponen los centros de educaci\u00f3n superior alemanes. Estos gozan de una excelente reputaci\u00f3n a nivel mundial, gracias a ofertas multidisciplinarias de marcada orientaci\u00f3n pr\u00e1ctica y con una estrecha relaci\u00f3n con el mundo del trabajo. Adem\u00e1s, Alemania ofrece una diversidad importante de carreras, en sus m\u00e1s de \u00a0400 centros de educaci\u00f3n superior\u201d. Y agreg\u00f3: \u201cLa vida acad\u00e9mica en Alemania cuenta con una fuerte orientaci\u00f3n internacional. Actualmente m\u00e1s de 250,000 estudiantes y 30000 investigadores en las universidades alemanas provienen del extranjero. Finalmente, otro dato importante para apuntar una beca en Alemania es que el costo de vida es muy bajo y no se cobran gastos de matr\u00edcula para acceder a la mayor\u00eda de las carreras de las universidades p\u00fablicas&#8221;.<\/p>\n<p><span style=\"font-weight: 400\">Para m\u00e1s informaci\u00f3n sobre el programa de becas pod\u00e9s ingresar aqu\u00ed:<\/span><\/p>\n<p><a href=\"https:\/\/www.daad-argentina.org\/es\/\"><span style=\"font-weight: 400\">https:\/\/www.daad-argentina.org\/es\/<\/span><\/a><\/p>\n<p><a href=\"https:\/\/www.facebook.com\/pg\/filount\/photos\/?tab=album&amp;album_id=764343237234885\" target=\"_blank\" rel=\"noopener\">VER FOTOS.-<\/a><\/p>\n","protected":false},"excerpt":{"rendered":"<p>El viernes 28 de septiembre se realiz\u00f3, en la Facultad de Filosof\u00eda y Letras, la charla &#8220;Estudiar en Alemania&#8221;, como parte de los programas del Servicio Alem\u00e1n de Intercambio Acad\u00e9mico (DAAD). La actividad estuvo organizada por la\u00a0Coordinadora de Relaciones Internacionales, Lic. Solana Mizrahi y la Secretar\u00eda de Posgrado e Investigaci\u00f3n. [&hellip;]<\/p>\n","protected":false},"author":101021,"featured_media":4114,"comment_status":"closed","ping_status":"closed","sticky":false,"template":"","format":"standard","meta":{"footnotes":""},"categories":[8],"tags":[],"class_list":{"0":"post-4110","1":"post","2":"type-post","3":"status-publish","4":"format-standard","5":"has-post-thumbnail","6":"hentry","7":"category-eventos-academicos","9":"post-with-thumbnail","10":"post-with-thumbnail-large"},"_links":{"self":[{"href":"https:\/\/filo.unt.edu.ar\/noticias\/wp-json\/wp\/v2\/posts\/4110","targetHints":{"allow":["GET"]}}],"collection":[{"href":"https:\/\/filo.unt.edu.ar\/noticias\/wp-json\/wp\/v2\/posts"}],"about":[{"href":"https:\/\/filo.unt.edu.ar\/noticias\/wp-json\/wp\/v2\/types\/post"}],"author":[{"embeddable":true,"href":"https:\/\/filo.unt.edu.ar\/noticias\/wp-json\/wp\/v2\/users\/101021"}],"replies":[{"embeddable":true,"href":"https:\/\/filo.unt.edu.ar\/noticias\/wp-json\/wp\/v2\/comments?post=4110"}],"version-history":[{"count":8,"href":"https:\/\/filo.unt.edu.ar\/noticias\/wp-json\/wp\/v2\/posts\/4110\/revisions"}],"predecessor-version":[{"id":4140,"href":"https:\/\/filo.unt.edu.ar\/noticias\/wp-json\/wp\/v2\/posts\/4110\/revisions\/4140"}],"wp:featuredmedia":[{"embeddable":true,"href":"https:\/\/filo.unt.edu.ar\/noticias\/wp-json\/wp\/v2\/media\/4114"}],"wp:attachment":[{"href":"https:\/\/filo.unt.edu.ar\/noticias\/wp-json\/wp\/v2\/media?parent=4110"}],"wp:term":[{"taxonomy":"category","embeddable":true,"href":"https:\/\/filo.unt.edu.ar\/noticias\/wp-json\/wp\/v2\/categories?post=4110"},{"taxonomy":"post_tag","embeddable":true,"href":"https:\/\/filo.unt.edu.ar\/noticias\/wp-json\/wp\/v2\/tags?post=4110"}],"curies":[{"name":"wp","href":"https:\/\/api.w.org\/{rel}","templated":true}]}}