{"id":3961,"date":"2018-09-10T11:37:05","date_gmt":"2018-09-10T14:37:05","guid":{"rendered":"http:\/\/filo.unt.edu.ar\/noticias\/?p=3961"},"modified":"2018-10-16T23:24:32","modified_gmt":"2018-10-17T02:24:32","slug":"capacitacion-sobre-genero-y-violencia-para-graduados-de-la-facultad","status":"publish","type":"post","link":"https:\/\/filo.unt.edu.ar\/noticias\/2018\/09\/10\/capacitacion-sobre-genero-y-violencia-para-graduados-de-la-facultad\/","title":{"rendered":"Capacitaci\u00f3n sobre g\u00e9nero y violencia para Graduados de la Facultad"},"content":{"rendered":"<div id=\"pl-3961\"  class=\"panel-layout\" ><div id=\"pg-3961-0\"  class=\"panel-grid panel-no-style\" ><div id=\"pgc-3961-0-0\"  class=\"panel-grid-cell\" ><div id=\"panel-3961-0-0-0\" class=\"so-panel widget widget_black-studio-tinymce widget_black_studio_tinymce panel-first-child panel-last-child\" data-index=\"0\" ><div class=\"textwidget\"><p>Durante el mes de septiembre se llev\u00f3 a cabo la Capacitaci\u00f3n \u201cG\u00e9nero, diversidad y violencia contra las mujeres. Herramientas conceptuales y pr\u00e1cticas para detecci\u00f3n de casos y orientaci\u00f3n\u201d, organizada por el Espacio de Informaci\u00f3n, orientaci\u00f3n y capacitaci\u00f3n en Violencia de G\u00e9nero de la Facultad y la Coordinaci\u00f3n de Graduados. La misma tuvo lugar en la Federaci\u00f3n de Entidades Profesionales Universitarias de Tucum\u00e1n y estuvo destinada a graduados de Filosof\u00eda y Letras.<\/p>\n<p>La capacitaci\u00f3n, de car\u00e1cter gratuita, form\u00f3 parte de un ciclo en el que se ofrecer\u00e1 tambi\u00e9n cursos a docentes, no docentes y estudiantes de nuestra casa y fue dictada por especialistas del Observatorio de la Mujer y de la Facultad. Con un alto grado de participaci\u00f3n ofreci\u00f3 a los y las egresados\/as un espacio de formaci\u00f3n en una tem\u00e1tica tan acuciante como lo es la violencia de g\u00e9nero.<\/p>\n<p><a href=\"https:\/\/www.facebook.com\/filount\/photos\/pcb.752245155111360\/752244735111402\/?type=3&amp;theater\">Ver fotos.-<\/a><\/p>\n<\/div><\/div><\/div><\/div><\/div>","protected":false},"excerpt":{"rendered":"<p>Durante el mes de septiembre se llev\u00f3 a cabo la Capacitaci\u00f3n \u201cG\u00e9nero, diversidad y violencia contra las mujeres. Herramientas conceptuales y pr\u00e1cticas para detecci\u00f3n de casos y orientaci\u00f3n\u201d, organizada por el Espacio de Informaci\u00f3n, orientaci\u00f3n y capacitaci\u00f3n en Violencia de G\u00e9nero de la Facultad y la Coordinaci\u00f3n de Graduados. La [&hellip;]<\/p>\n","protected":false},"author":3,"featured_media":3962,"comment_status":"closed","ping_status":"closed","sticky":false,"template":"","format":"standard","meta":{"footnotes":""},"categories":[8,6],"tags":[],"class_list":{"0":"post-3961","1":"post","2":"type-post","3":"status-publish","4":"format-standard","5":"has-post-thumbnail","6":"hentry","7":"category-eventos-academicos","8":"category-extension","10":"post-with-thumbnail","11":"post-with-thumbnail-large"},"_links":{"self":[{"href":"https:\/\/filo.unt.edu.ar\/noticias\/wp-json\/wp\/v2\/posts\/3961","targetHints":{"allow":["GET"]}}],"collection":[{"href":"https:\/\/filo.unt.edu.ar\/noticias\/wp-json\/wp\/v2\/posts"}],"about":[{"href":"https:\/\/filo.unt.edu.ar\/noticias\/wp-json\/wp\/v2\/types\/post"}],"author":[{"embeddable":true,"href":"https:\/\/filo.unt.edu.ar\/noticias\/wp-json\/wp\/v2\/users\/3"}],"replies":[{"embeddable":true,"href":"https:\/\/filo.unt.edu.ar\/noticias\/wp-json\/wp\/v2\/comments?post=3961"}],"version-history":[{"count":13,"href":"https:\/\/filo.unt.edu.ar\/noticias\/wp-json\/wp\/v2\/posts\/3961\/revisions"}],"predecessor-version":[{"id":3970,"href":"https:\/\/filo.unt.edu.ar\/noticias\/wp-json\/wp\/v2\/posts\/3961\/revisions\/3970"}],"wp:featuredmedia":[{"embeddable":true,"href":"https:\/\/filo.unt.edu.ar\/noticias\/wp-json\/wp\/v2\/media\/3962"}],"wp:attachment":[{"href":"https:\/\/filo.unt.edu.ar\/noticias\/wp-json\/wp\/v2\/media?parent=3961"}],"wp:term":[{"taxonomy":"category","embeddable":true,"href":"https:\/\/filo.unt.edu.ar\/noticias\/wp-json\/wp\/v2\/categories?post=3961"},{"taxonomy":"post_tag","embeddable":true,"href":"https:\/\/filo.unt.edu.ar\/noticias\/wp-json\/wp\/v2\/tags?post=3961"}],"curies":[{"name":"wp","href":"https:\/\/api.w.org\/{rel}","templated":true}]}}