{"id":3893,"date":"2018-08-28T12:37:48","date_gmt":"2018-08-28T15:37:48","guid":{"rendered":"http:\/\/filo.unt.edu.ar\/noticias\/?p=3893"},"modified":"2018-10-16T13:05:14","modified_gmt":"2018-10-16T16:05:14","slug":"xi-jornadas-de-traduccion-y-terminologia-cetrater","status":"publish","type":"post","link":"https:\/\/filo.unt.edu.ar\/noticias\/2018\/08\/28\/xi-jornadas-de-traduccion-y-terminologia-cetrater\/","title":{"rendered":"XI Jornadas de Traducci\u00f3n y Terminolog\u00eda CETRATER"},"content":{"rendered":"<p>Durante los d\u00edas 24 y 25 de Agosto se realizaron las &#8220;XI Jornadas de Traducci\u00f3n y Terminolog\u00eda: Puentes interdisciplinarios del conocimiento&#8221;, organizadas por el Centro de Traducci\u00f3n y Terminolog\u00eda (CETRATER) perteneciente al Departamento de Idiomas Modernos de nuestra Facultad.<\/p>\n<p>Las palabras inaugurales estuvieron a cargo de la Secretaria de Coordinaci\u00f3n y Fortalecimiento del Grado,<br \/>\nMg. N\u00e9lida \u00c1ngela Sibaldi, y de Viviana D\u00b4Andrea, Directora del CETRATER. D\u00b4Andrea cont\u00f3 que &#8220;el lema que se ha elegido para este a\u00f1o -puentes interdisciplinarios del conocimiento-, constituye toda la declaraci\u00f3n de intenciones. Puentes de conocimiento, puentes de saberes y puentes que tienden a unirnos con lazos acad\u00e9micos y de amistad, adem\u00e1s de enraizarse profundamente con la a\u00fan corta, pero ya extensa historia de nuestras Jornadas&#8221;. Y continu\u00f3: &#8220;\u00e9stas nacen precisamente en el a\u00f1o 1993 y as\u00ed, todas las ediciones celebradas hasta ahora, han tratado de poner un granito de arena para conseguir desarrollar la cooperaci\u00f3n de saberes y de conocimientos.&#8221;<\/p>\n<p>Entre las actividades que se llevaron a cabo hubo conferencias, exposici\u00f3n de expertos, mesas de trabajo, paneles, y la presentaci\u00f3n de un libro. Y los ejes tem\u00e1ticos de las mismas fueron traducci\u00f3n y terminolog\u00eda y sus relaciones con la ciencia y la tecnolog\u00eda; did\u00e1ctica de la traducci\u00f3n; traducci\u00f3n literaria; traducci\u00f3n e interpretaci\u00f3n; lecturas y disciplinas, relaciones y propuestas; y la evaluaci\u00f3n de la comprensi\u00f3n lectora en lengua extranjera.<\/p>\n<p><a href=\"https:\/\/www.facebook.com\/254943048174909\/photos\/?tab=album&amp;album_id=745766515759224\" target=\"_blank\" rel=\"noopener\">Ver Fotos.-<\/a><\/p>\n","protected":false},"excerpt":{"rendered":"<p>Durante los d\u00edas 24 y 25 de Agosto se realizaron las &#8220;XI Jornadas de Traducci\u00f3n y Terminolog\u00eda: Puentes interdisciplinarios del conocimiento&#8221;, organizadas por el Centro de Traducci\u00f3n y Terminolog\u00eda (CETRATER) perteneciente al Departamento de Idiomas Modernos de nuestra Facultad. Las palabras inaugurales estuvieron a cargo de la Secretaria de Coordinaci\u00f3n [&hellip;]<\/p>\n","protected":false},"author":101013,"featured_media":3895,"comment_status":"closed","ping_status":"closed","sticky":false,"template":"","format":"standard","meta":{"footnotes":""},"categories":[8,6],"tags":[],"class_list":{"0":"post-3893","1":"post","2":"type-post","3":"status-publish","4":"format-standard","5":"has-post-thumbnail","6":"hentry","7":"category-eventos-academicos","8":"category-extension","10":"post-with-thumbnail","11":"post-with-thumbnail-large"},"_links":{"self":[{"href":"https:\/\/filo.unt.edu.ar\/noticias\/wp-json\/wp\/v2\/posts\/3893","targetHints":{"allow":["GET"]}}],"collection":[{"href":"https:\/\/filo.unt.edu.ar\/noticias\/wp-json\/wp\/v2\/posts"}],"about":[{"href":"https:\/\/filo.unt.edu.ar\/noticias\/wp-json\/wp\/v2\/types\/post"}],"author":[{"embeddable":true,"href":"https:\/\/filo.unt.edu.ar\/noticias\/wp-json\/wp\/v2\/users\/101013"}],"replies":[{"embeddable":true,"href":"https:\/\/filo.unt.edu.ar\/noticias\/wp-json\/wp\/v2\/comments?post=3893"}],"version-history":[{"count":7,"href":"https:\/\/filo.unt.edu.ar\/noticias\/wp-json\/wp\/v2\/posts\/3893\/revisions"}],"predecessor-version":[{"id":4049,"href":"https:\/\/filo.unt.edu.ar\/noticias\/wp-json\/wp\/v2\/posts\/3893\/revisions\/4049"}],"wp:featuredmedia":[{"embeddable":true,"href":"https:\/\/filo.unt.edu.ar\/noticias\/wp-json\/wp\/v2\/media\/3895"}],"wp:attachment":[{"href":"https:\/\/filo.unt.edu.ar\/noticias\/wp-json\/wp\/v2\/media?parent=3893"}],"wp:term":[{"taxonomy":"category","embeddable":true,"href":"https:\/\/filo.unt.edu.ar\/noticias\/wp-json\/wp\/v2\/categories?post=3893"},{"taxonomy":"post_tag","embeddable":true,"href":"https:\/\/filo.unt.edu.ar\/noticias\/wp-json\/wp\/v2\/tags?post=3893"}],"curies":[{"name":"wp","href":"https:\/\/api.w.org\/{rel}","templated":true}]}}