{"id":3882,"date":"2018-09-03T08:08:15","date_gmt":"2018-09-03T11:08:15","guid":{"rendered":"http:\/\/filo.unt.edu.ar\/noticias\/?p=3882"},"modified":"2018-10-16T13:07:04","modified_gmt":"2018-10-16T16:07:04","slug":"nuevo-acto-de-colacion-de-grado-y-posgrado","status":"publish","type":"post","link":"https:\/\/filo.unt.edu.ar\/noticias\/2018\/09\/03\/nuevo-acto-de-colacion-de-grado-y-posgrado\/","title":{"rendered":"Nuevo Acto de Colaci\u00f3n de Grado y Posgrado"},"content":{"rendered":"<p>El viernes 31 de agosto se realiz\u00f3 una nueva colaci\u00f3n de grado y posgrado en el Espacio Cultural de nuestra Facultad.<\/p>\n<p>La apertura estuvo a cargo del m\u00fasico Ramiro Medrano, en guitarra y voz, que present\u00f3 un repertorio folkl\u00f3rico latinoamericano ideal para comenzar la ceremonia.<\/p>\n<p>En la ocasi\u00f3n se entregaron 37 t\u00edtulos de grado y un t\u00edtulo de posgrado de Magister en Lengua Inglesa.<\/p>\n<p>Los discursos estuvieron a cargo de la Decana, Dra. Mercedes Leal, de la Prof. Mar\u00eda Eugenia del R\u00edo, y de la egresada, Solana Asfoura, qui\u00e9n propuso hacer una reflexi\u00f3n para entender la diferencia entre los sue\u00f1os y las metas. &#8220;Un sue\u00f1o es un punto de partida, es comenzar a imaginar algo que nos gustar\u00eda que suceda en alg\u00fan momento en nuestras vidas. Una meta nace cuando decidimos que ha llegado el momento de comenzar a tomar acci\u00f3n para que ese sue\u00f1o se convierta en realidad. Queridos compa\u00f1eros: so\u00f1\u00e1bamos con recibirnos y cumplimos nuestra meta. Pero ahora corresponde so\u00f1ar nuevamente, porque nuestra vida profesional es el camino que a\u00fan nos falta por recorrer. Lleno de incertidumbres, pero tambi\u00e9n de oportunidades y desaf\u00edos. Si somos capaces de so\u00f1arlo, somos capaces de conseguirlo. So\u00f1emos mucho compa\u00f1eros, so\u00f1emos en grande pero no nos quedemos s\u00f3lo con eso porque para llegar a cualquier meta se debe poner inteligencia y fuerza de voluntad&#8221;, concluy\u00f3 Solana incentivando a sus compa\u00f1eros a continuar trabajando para lograr nuevas metas.<\/p>\n<p><a href=\"https:\/\/www.facebook.com\/254943048174909\/photos\/?tab=album&amp;album_id=750608645275011\" target=\"_blank\" rel=\"noopener\">Ver Fotos.-<\/a><\/p>\n","protected":false},"excerpt":{"rendered":"<p>El viernes 31 de agosto se realiz\u00f3 una nueva colaci\u00f3n de grado y posgrado en el Espacio Cultural de nuestra Facultad. La apertura estuvo a cargo del m\u00fasico Ramiro Medrano, en guitarra y voz, que present\u00f3 un repertorio folkl\u00f3rico latinoamericano ideal para comenzar la ceremonia. En la ocasi\u00f3n se entregaron [&hellip;]<\/p>\n","protected":false},"author":101013,"featured_media":3883,"comment_status":"closed","ping_status":"closed","sticky":false,"template":"","format":"standard","meta":{"footnotes":""},"categories":[6],"tags":[],"class_list":{"0":"post-3882","1":"post","2":"type-post","3":"status-publish","4":"format-standard","5":"has-post-thumbnail","6":"hentry","7":"category-extension","9":"post-with-thumbnail","10":"post-with-thumbnail-large"},"_links":{"self":[{"href":"https:\/\/filo.unt.edu.ar\/noticias\/wp-json\/wp\/v2\/posts\/3882","targetHints":{"allow":["GET"]}}],"collection":[{"href":"https:\/\/filo.unt.edu.ar\/noticias\/wp-json\/wp\/v2\/posts"}],"about":[{"href":"https:\/\/filo.unt.edu.ar\/noticias\/wp-json\/wp\/v2\/types\/post"}],"author":[{"embeddable":true,"href":"https:\/\/filo.unt.edu.ar\/noticias\/wp-json\/wp\/v2\/users\/101013"}],"replies":[{"embeddable":true,"href":"https:\/\/filo.unt.edu.ar\/noticias\/wp-json\/wp\/v2\/comments?post=3882"}],"version-history":[{"count":12,"href":"https:\/\/filo.unt.edu.ar\/noticias\/wp-json\/wp\/v2\/posts\/3882\/revisions"}],"predecessor-version":[{"id":4099,"href":"https:\/\/filo.unt.edu.ar\/noticias\/wp-json\/wp\/v2\/posts\/3882\/revisions\/4099"}],"wp:featuredmedia":[{"embeddable":true,"href":"https:\/\/filo.unt.edu.ar\/noticias\/wp-json\/wp\/v2\/media\/3883"}],"wp:attachment":[{"href":"https:\/\/filo.unt.edu.ar\/noticias\/wp-json\/wp\/v2\/media?parent=3882"}],"wp:term":[{"taxonomy":"category","embeddable":true,"href":"https:\/\/filo.unt.edu.ar\/noticias\/wp-json\/wp\/v2\/categories?post=3882"},{"taxonomy":"post_tag","embeddable":true,"href":"https:\/\/filo.unt.edu.ar\/noticias\/wp-json\/wp\/v2\/tags?post=3882"}],"curies":[{"name":"wp","href":"https:\/\/api.w.org\/{rel}","templated":true}]}}