{"id":3789,"date":"2018-09-03T15:58:04","date_gmt":"2018-09-03T18:58:04","guid":{"rendered":"http:\/\/filo.unt.edu.ar\/noticias\/?p=3789"},"modified":"2018-10-16T13:08:49","modified_gmt":"2018-10-16T16:08:49","slug":"la-facultad-muestra-su-oferta-academica","status":"publish","type":"post","link":"https:\/\/filo.unt.edu.ar\/noticias\/2018\/09\/03\/la-facultad-muestra-su-oferta-academica\/","title":{"rendered":"La Facultad muestra su oferta acad\u00e9mica"},"content":{"rendered":"<div id=\"pl-3789\"  class=\"panel-layout\" ><div id=\"pg-3789-0\"  class=\"panel-grid panel-no-style\" ><div id=\"pgc-3789-0-0\"  class=\"panel-grid-cell\" ><div id=\"panel-3789-0-0-0\" class=\"so-panel widget widget_black-studio-tinymce widget_black_studio_tinymce panel-first-child panel-last-child\" data-index=\"0\" ><div class=\"textwidget\"><p>Durante el mes de agosto, Filosof\u00eda y Letras particip\u00f3 de diversas acciones para promocionar su oferta acad\u00e9mica.\u00a0<\/span><\/p>\n<p>El viernes 3 de agosto, alumnos de 6\u00ba a\u00f1o del Colegio San Isidro Labrador de la Ramada de Abajo, visitaron la Facultad y se les inform\u00f3 acerca de las carreras que se pueden estudiar en nuestra Instituci\u00f3n, la salida laboral de cada una de ellas, el rol de los estudiantes en la vida pol\u00edtica de la universidad y la importancia de la participaci\u00f3n en ella.<\/span><\/p>\n<p>Con el mismo objetivo, el viernes 31 la Facultad particip\u00f3 del Proyecto \"La Universidad en los Barrios\" del Programa Universitario de Extensi\u00f3n y Desarrollo Social (PUEDES) de la UNT. En esta oportunidad, la UNT visit\u00f3 la Ciudad de Bella Vista. La exposici\u00f3n se realiz\u00f3 en la Casa de la Cultura de esa localidad y estuvo organizada por\u00a0la Municipalidad de Bella Vista y la Fundaci\u00f3n Promoci\u00f3n Social Cultural y Educativa.\u00a0Estuvieron presentes el Vicerrector, Ing. Sergio Pagani; el secretario de Extensi\u00f3n, Lic. Marcelo Adri\u00e1n Mirkin; el intendente de Bella Vista, Dr. Jorge Sebasti\u00e1n Salazar y el Director del Programa PUEDES de la UNT, Jos\u00e9 Gan\u00edn.<\/p>\n<p>Alrededor de 100 alumnos del nivel secundario visitaron la muestra, en la que participaron, adem\u00e1s de\u00a0 Filosof\u00eda y Letras, la Escuela Universitaria de Cine, Video y Televisi\u00f3n; la Escuela Universitaria de Enfermer\u00eda; las facultades de Psicolog\u00eda, Ciencias Naturales, Agronom\u00eda y Zootecnia, Ciencias Exactas y Tecnolog\u00eda, Bioqu\u00edmica, Qu\u00edmica y Farmacia, Educaci\u00f3n F\u00edsica, Arquitectura y Urbanismo y Odontolog\u00eda.<\/p>\n<p>Recibir en la Facultad a estudiantes del\u00a0nivel medio y participar de las Exposiciones educativas, sobre todo en las que se realizan en el interior de la provincia, es una parte fundamental de la tarea de difusi\u00f3n de la oferta de estudios que tiene nuestra Casa, en tanto es una forma de alcanzar a una poblaci\u00f3n que no siempre tiene acceso a la informaci\u00f3n sobre carreras universitarias y as\u00ed apostar por una Universidad cada vez m\u00e1s inclusiva.<\/p>\n<p><a href=\"https:\/\/www.facebook.com\/filount\/photos\/pcb.720356804966862\/720356368300239\/?type=3&amp;theater\">Ver Fotos (visita Colegio San Isidro Labrador )<\/a><\/p>\n<p><a href=\"https:\/\/www.facebook.com\/filount\/photos\/pcb.750541745281701\/750540731948469\/?type=3&amp;theater\">Ver fotos (Casa de la Cultura de Bella Vista)<\/a><\/p>\n<p>&nbsp;<\/p>\n<\/div><\/div><\/div><\/div><\/div>","protected":false},"excerpt":{"rendered":"<p>Durante el mes de agosto, Filosof\u00eda y Letras particip\u00f3 de diversas acciones para promocionar su oferta acad\u00e9mica.\u00a0 El viernes 3 de agosto, alumnos de 6\u00ba a\u00f1o del Colegio San Isidro Labrador de la Ramada de Abajo, visitaron la Facultad y se les inform\u00f3 acerca de las carreras que se pueden [&hellip;]<\/p>\n","protected":false},"author":3,"featured_media":3906,"comment_status":"closed","ping_status":"closed","sticky":false,"template":"","format":"standard","meta":{"footnotes":""},"categories":[6],"tags":[],"class_list":{"0":"post-3789","1":"post","2":"type-post","3":"status-publish","4":"format-standard","5":"has-post-thumbnail","6":"hentry","7":"category-extension","9":"post-with-thumbnail","10":"post-with-thumbnail-large"},"_links":{"self":[{"href":"https:\/\/filo.unt.edu.ar\/noticias\/wp-json\/wp\/v2\/posts\/3789","targetHints":{"allow":["GET"]}}],"collection":[{"href":"https:\/\/filo.unt.edu.ar\/noticias\/wp-json\/wp\/v2\/posts"}],"about":[{"href":"https:\/\/filo.unt.edu.ar\/noticias\/wp-json\/wp\/v2\/types\/post"}],"author":[{"embeddable":true,"href":"https:\/\/filo.unt.edu.ar\/noticias\/wp-json\/wp\/v2\/users\/3"}],"replies":[{"embeddable":true,"href":"https:\/\/filo.unt.edu.ar\/noticias\/wp-json\/wp\/v2\/comments?post=3789"}],"version-history":[{"count":19,"href":"https:\/\/filo.unt.edu.ar\/noticias\/wp-json\/wp\/v2\/posts\/3789\/revisions"}],"predecessor-version":[{"id":4053,"href":"https:\/\/filo.unt.edu.ar\/noticias\/wp-json\/wp\/v2\/posts\/3789\/revisions\/4053"}],"wp:featuredmedia":[{"embeddable":true,"href":"https:\/\/filo.unt.edu.ar\/noticias\/wp-json\/wp\/v2\/media\/3906"}],"wp:attachment":[{"href":"https:\/\/filo.unt.edu.ar\/noticias\/wp-json\/wp\/v2\/media?parent=3789"}],"wp:term":[{"taxonomy":"category","embeddable":true,"href":"https:\/\/filo.unt.edu.ar\/noticias\/wp-json\/wp\/v2\/categories?post=3789"},{"taxonomy":"post_tag","embeddable":true,"href":"https:\/\/filo.unt.edu.ar\/noticias\/wp-json\/wp\/v2\/tags?post=3789"}],"curies":[{"name":"wp","href":"https:\/\/api.w.org\/{rel}","templated":true}]}}