{"id":335,"date":"2016-09-12T12:31:59","date_gmt":"2016-09-12T15:31:59","guid":{"rendered":"http:\/\/filo.unt.edu.ar\/noticias\/?p=335"},"modified":"2016-09-19T11:07:39","modified_gmt":"2016-09-19T14:07:39","slug":"homenaje-de-la-colectividad-japonesa-a-la-argentina","status":"publish","type":"post","link":"https:\/\/filo.unt.edu.ar\/noticias\/2016\/09\/12\/homenaje-de-la-colectividad-japonesa-a-la-argentina\/","title":{"rendered":"Homenaje de la Colectividad Japonesa a la Argentina"},"content":{"rendered":"<div id=\"pl-335\"  class=\"panel-layout\"><div id=\"pg-335-0\"  class=\"panel-grid panel-no-style\"><div id=\"pgc-335-0-0\"  class=\"panel-grid-cell\"><div id=\"panel-335-0-0-0\" class=\"so-panel widget widget_sow-editor panel-first-child panel-last-child\" data-index=\"0\"><div\n\t\t\t\n\t\t\tclass=\"so-widget-sow-editor so-widget-sow-editor-base\">\n<div class=\"siteorigin-widget-tinymce textwidget\">\n\t<p>\u00a0El<em>\u00a0<\/em>\u00a0viernes 9 y el s\u00e1bado 10 de septiembre, el Centro de Estudios de Asia y \u00c1frica de la Facultad de Filosof\u00eda y Letras, en conjunto con la Asociaci\u00f3n Japonesa en la Argentina y la Colectividad Japonesa de Tucum\u00e1n, organizaron las <em>Jornadas Acad\u00e9micas y Art\u00edsticas \"Homenaje de la Colectividad Japonesa a la Argentina en la cuna de la Independencia\"\u00a0\u00a0<\/em>con el prop\u00f3sito de<em>\u00a0<\/em>conmemorar los cien a\u00f1os de la Colectividad Japonesa en la Argentina.<\/p>\n<p><\/p><\/div><\/div><\/div><\/div><\/div><\/div><p><a class=\"more-link\" href=\"https:\/\/filo.unt.edu.ar\/noticias\/2016\/09\/12\/homenaje-de-la-colectividad-japonesa-a-la-argentina\/\">Continuar leyendo<span class=\"meta-nav\">&rarr;<\/span><\/a><\/p>","protected":false},"excerpt":{"rendered":"<p>\u00a0El\u00a0\u00a0viernes 9 y el s\u00e1bado 10 de septiembre, el Centro de Estudios de Asia y \u00c1frica de la Facultad de Filosof\u00eda y Letras, en conjunto con la Asociaci\u00f3n Japonesa en la Argentina y la Colectividad Japonesa de Tucum\u00e1n, organizaron las Jornadas Acad\u00e9micas y Art\u00edsticas &#8220;Homenaje de la Colectividad Japonesa a [&hellip;]<\/p>\n","protected":false},"author":101013,"featured_media":340,"comment_status":"closed","ping_status":"closed","sticky":false,"template":"","format":"standard","meta":{"footnotes":""},"categories":[8],"tags":[],"class_list":{"0":"post-335","1":"post","2":"type-post","3":"status-publish","4":"format-standard","5":"has-post-thumbnail","6":"hentry","7":"category-eventos-academicos","9":"post-with-thumbnail","10":"post-with-thumbnail-large"},"_links":{"self":[{"href":"https:\/\/filo.unt.edu.ar\/noticias\/wp-json\/wp\/v2\/posts\/335","targetHints":{"allow":["GET"]}}],"collection":[{"href":"https:\/\/filo.unt.edu.ar\/noticias\/wp-json\/wp\/v2\/posts"}],"about":[{"href":"https:\/\/filo.unt.edu.ar\/noticias\/wp-json\/wp\/v2\/types\/post"}],"author":[{"embeddable":true,"href":"https:\/\/filo.unt.edu.ar\/noticias\/wp-json\/wp\/v2\/users\/101013"}],"replies":[{"embeddable":true,"href":"https:\/\/filo.unt.edu.ar\/noticias\/wp-json\/wp\/v2\/comments?post=335"}],"version-history":[{"count":7,"href":"https:\/\/filo.unt.edu.ar\/noticias\/wp-json\/wp\/v2\/posts\/335\/revisions"}],"predecessor-version":[{"id":386,"href":"https:\/\/filo.unt.edu.ar\/noticias\/wp-json\/wp\/v2\/posts\/335\/revisions\/386"}],"wp:featuredmedia":[{"embeddable":true,"href":"https:\/\/filo.unt.edu.ar\/noticias\/wp-json\/wp\/v2\/media\/340"}],"wp:attachment":[{"href":"https:\/\/filo.unt.edu.ar\/noticias\/wp-json\/wp\/v2\/media?parent=335"}],"wp:term":[{"taxonomy":"category","embeddable":true,"href":"https:\/\/filo.unt.edu.ar\/noticias\/wp-json\/wp\/v2\/categories?post=335"},{"taxonomy":"post_tag","embeddable":true,"href":"https:\/\/filo.unt.edu.ar\/noticias\/wp-json\/wp\/v2\/tags?post=335"}],"curies":[{"name":"wp","href":"https:\/\/api.w.org\/{rel}","templated":true}]}}