{"id":3297,"date":"2018-05-31T12:14:21","date_gmt":"2018-05-31T15:14:21","guid":{"rendered":"http:\/\/filo.unt.edu.ar\/noticias\/?p=3297"},"modified":"2018-06-07T14:07:12","modified_gmt":"2018-06-07T17:07:12","slug":"convenio-con-el-ministerio-de-desarrollo-social","status":"publish","type":"post","link":"https:\/\/filo.unt.edu.ar\/noticias\/2018\/05\/31\/convenio-con-el-ministerio-de-desarrollo-social\/","title":{"rendered":"Convenio con el Ministerio de Desarrollo Social"},"content":{"rendered":"<p>El d\u00eda 29 de mayo, la Dra. Mercedes Leal, acompa\u00f1ada por la Lic. Eva Fontdevila -Coordinadora de Promoci\u00f3n Socio-Comunitaria-, firm\u00f3 un convenio con el Ministro de Desarrollo Social de la provincia, Dr. Gabriel Yedlin<!--more-->, para facilitar la derivaci\u00f3n de mujeres v\u00edctimas de violencia de g\u00e9nero a organismos del Ministerio de Desarrollo Social, especialmente al Observatorio de la Mujer \u2013 Tucum\u00e1n.<\/p>\n<p>El convenio establece un mecanismo de derivaci\u00f3n concreto para todas aquellas mujeres que se acerquen al \u201cEspacio de Orientaci\u00f3n y Capacitaci\u00f3n sobre Violencia\u201d que funciona en nuestra Facultad a cargo de la Lic. Eva Fontdevila y la Dra. Hilda Beatriz Garrido. Adem\u00e1s, establece que el Observatorio de la Mujer pondr\u00e1 a disposici\u00f3n de la Facultad parte de su equipo t\u00e9cnico para la capacitaci\u00f3n de los miembros de la comunidad que as\u00ed requieran.<\/p>\n<p><a href=\"https:\/\/www.facebook.com\/media\/set\/?set=a.659783474357529.1073742007.254943048174909&amp;type=3\" target=\"_blank\" rel=\"noopener\">Ver Fotos.-<\/a><\/p>\n<p><a href=\"http:\/\/filo.unt.edu.ar\/blog\/2018\/05\/03\/violencia-de-genero-horarios-atencion-espacio-de-informacion\/\" target=\"_blank\" rel=\"noopener\">Espacio de Informaci\u00f3n, Orientaci\u00f3n y Capacitaci\u00f3n en Violencia de G\u00e9nero FFyL<\/a><\/p>\n","protected":false},"excerpt":{"rendered":"<p>El d\u00eda 29 de mayo, la Dra. Mercedes Leal, acompa\u00f1ada por la Lic. Eva Fontdevila -Coordinadora de Promoci\u00f3n Socio-Comunitaria-, firm\u00f3 un convenio con el Ministro de Desarrollo Social de la provincia, Dr. Gabriel Yedlin<\/p>\n","protected":false},"author":101013,"featured_media":3364,"comment_status":"closed","ping_status":"closed","sticky":false,"template":"","format":"standard","meta":{"footnotes":""},"categories":[6],"tags":[],"class_list":{"0":"post-3297","1":"post","2":"type-post","3":"status-publish","4":"format-standard","5":"has-post-thumbnail","6":"hentry","7":"category-extension","9":"post-with-thumbnail","10":"post-with-thumbnail-large"},"_links":{"self":[{"href":"https:\/\/filo.unt.edu.ar\/noticias\/wp-json\/wp\/v2\/posts\/3297","targetHints":{"allow":["GET"]}}],"collection":[{"href":"https:\/\/filo.unt.edu.ar\/noticias\/wp-json\/wp\/v2\/posts"}],"about":[{"href":"https:\/\/filo.unt.edu.ar\/noticias\/wp-json\/wp\/v2\/types\/post"}],"author":[{"embeddable":true,"href":"https:\/\/filo.unt.edu.ar\/noticias\/wp-json\/wp\/v2\/users\/101013"}],"replies":[{"embeddable":true,"href":"https:\/\/filo.unt.edu.ar\/noticias\/wp-json\/wp\/v2\/comments?post=3297"}],"version-history":[{"count":6,"href":"https:\/\/filo.unt.edu.ar\/noticias\/wp-json\/wp\/v2\/posts\/3297\/revisions"}],"predecessor-version":[{"id":3390,"href":"https:\/\/filo.unt.edu.ar\/noticias\/wp-json\/wp\/v2\/posts\/3297\/revisions\/3390"}],"wp:featuredmedia":[{"embeddable":true,"href":"https:\/\/filo.unt.edu.ar\/noticias\/wp-json\/wp\/v2\/media\/3364"}],"wp:attachment":[{"href":"https:\/\/filo.unt.edu.ar\/noticias\/wp-json\/wp\/v2\/media?parent=3297"}],"wp:term":[{"taxonomy":"category","embeddable":true,"href":"https:\/\/filo.unt.edu.ar\/noticias\/wp-json\/wp\/v2\/categories?post=3297"},{"taxonomy":"post_tag","embeddable":true,"href":"https:\/\/filo.unt.edu.ar\/noticias\/wp-json\/wp\/v2\/tags?post=3297"}],"curies":[{"name":"wp","href":"https:\/\/api.w.org\/{rel}","templated":true}]}}